{"id":131049,"date":"2022-11-23T16:32:51","date_gmt":"2022-11-23T15:32:51","guid":{"rendered":"https:\/\/www.messinaoggi.it\/website\/2022\/11\/23\/gli-ersu-siciliani-compiono-20-anni-grandi-festeggiamenti-in-programma-allars\/"},"modified":"2022-11-23T16:32:51","modified_gmt":"2022-11-23T15:32:51","slug":"gli-ersu-siciliani-compiono-20-anni-grandi-festeggiamenti-in-programma-allars","status":"publish","type":"post","link":"https:\/\/www.messinaoggi.it\/website\/2022\/11\/23\/gli-ersu-siciliani-compiono-20-anni-grandi-festeggiamenti-in-programma-allars\/","title":{"rendered":"Gli Ersu siciliani compiono 20 anni, grandi festeggiamenti in programma all\u2019Ars"},"content":{"rendered":"<div>\n<p>PALERMO (ITALPRESS) \u2013 E\u2019 stato presentato, presso la sede palermitana di Italpress, dall\u2019assessore regionale dell\u2019Istruzione, Girolamo Turano, dal presidente Ersu Giuseppe Di Miceli e dal direttore Ersu Ernesto Bruno, l\u2019evento organizzato dagli ERSU siciliani, venerd\u00ec 25 novembre prossimo, per celebrare il ventennale della Legge regionale istitutiva degli Ersu siciliani (enti regionali per il diritto allo studio universitario), assorbendo le funzioni delle allora opere universitarie siciliane (Legge regionale 25 novembre 2002, numero 20). L\u2019appuntamento \u00e8, dalle ore 10 alle 13, presso la Sala Mattarella di Palazzo dei Normanni di Piazza del Parlamento 1, a Palermo. Presiede e modera i lavori Antonella Sciortino, professoressa ordinaria di Diritto Costituzionale all\u2019Universit\u00e0 di Palermo e componente del Cda Ersu Palermo.<br \/>Previsti i saluti istituzionali di Gaetano Galvagno, presidente dell\u2019Assemblea Regionale Siciliana; Roberto Lagalla, sindaco di Palermo; Girolamo Turano, assessore regionale dell\u2019Istruzione e della Formazione Professionale; Marco Falcone, assessore regionale dell\u2019Economia; Alessandro Aric\u00f2, assessore regionale delle Infrastrutture e della Mobilit\u00e0; Gianni Puglisi, presidente della Conferenza dei Rettori delle Universit\u00e0 Siciliane (CRUS).<br \/>La giornata prevede la relazione di Giuseppe Laneve, docente di Diritto Costituzionale presso l\u2019Universit\u00e0 di Macerata, sul tema \u201cIl Diritto allo Studio Universitario tra disciplina costituzionale e interventi del legislatore\u201d. <br \/>Sar\u00e0 quindi la volta di Alessio Pontillo, presidente dell\u2019Associazione Nazionale degli Organismi per il Diritto allo Studio Universitario (ANDISU) nonch\u00e8 dei quattro presidenti ERSU siciliani: Salvatore Cannizzaro (vice presidente ERSU Catania), Livio Cardaci (Enna), Pierangelo Grimaudo (Messina), Giuseppe Di Miceli (Palermo).<br \/>Le conclusioni della giornata sono affidate ad Augusta Montaruli, sottosegretaria di Stato al Ministero dell\u2019Universit\u00e0 e della Ricerca. Durante l\u2019evento sar\u00e0 presente Poste Italiane per l\u2019annullo filatelico celebrativo.<br \/>L\u2019iniziativa \u00e8 stata messa in campo dagli ERSU, \u00e8 stato sottolineato nel corso dell\u2019incontro, \u201ccon l\u2019obiettivo di presentare \u2013 alla presenza dei rappresentanti del mondo accademico universitario, delle accademie di belle arti e dei conservatori di musica, da cui provengono gli studenti assistititi dagli ERSU \u2013 gli interventi realizzati e fare una programmazione sulle prospettive legate all\u2019utilizzo dei fondi nazionali europei, ma anche di elaborare proposte da portare all\u2019attenzione della governance regionale e nazionale coinvolta nella manifestazione\u201d. <br \/>Si prosegue nel pomeriggio, alle ore 16, presso il Salone della residenza universitaria Santi Romano, in viale Delle Scienze, edificio 1, dove si svolger\u00e0 una tavola rotonda sul tema \u201cGovernance e studenti a confronto su strategie per il futuro\u201d cui prenderanno parte i presidenti degli Ersu siciliani, i rappresentanti degli studenti nei Cda nonch\u00e8 le associazioni studentesche.<br \/>(ITALPRESS).<div id=\"div-gpt-ad-Messinaoggi.it-DSK-300x250-corpoart\" style=\"text-align:center;margin:0 auto;\"><\/div><\/p>\n<\/div>\n<div id=\"videoincontent\" style=\"clear:both\";><\/div>","protected":false},"excerpt":{"rendered":"<p>PALERMO (ITALPRESS) \u2013 E\u2019 stato presentato, presso la sede palermitana di Italpress, dall\u2019assessore regionale dell\u2019Istruzione, Girolamo Turano, dal presidente Ersu Giuseppe Di Miceli e dal direttore Ersu Ernesto Bruno, l\u2019evento organizzato dagli ERSU siciliani, venerd\u00ec 25 novembre prossimo, per celebrare il ventennale della Legge regionale istitutiva degli Ersu siciliani (enti regionali per il diritto allo [&hellip;]<\/p>\n","protected":false},"author":18,"featured_media":131050,"comment_status":"closed","ping_status":"closed","sticky":false,"template":"","format":"standard","meta":{"ub_ctt_via":"","_mi_skip_tracking":false},"categories":[2449],"tags":[783],"featured_image_src":"https:\/\/www.messinaoggi.it\/website\/wp-content\/uploads\/2022\/11\/20221123_1542.jpg","author_info":{"display_name":"Admin","author_link":"https:\/\/www.messinaoggi.it\/website\/author\/admin\/"},"digistream_id":0,"digistream":false,"_links":{"self":[{"href":"https:\/\/www.messinaoggi.it\/website\/wp-json\/wp\/v2\/posts\/131049"}],"collection":[{"href":"https:\/\/www.messinaoggi.it\/website\/wp-json\/wp\/v2\/posts"}],"about":[{"href":"https:\/\/www.messinaoggi.it\/website\/wp-json\/wp\/v2\/types\/post"}],"author":[{"embeddable":true,"href":"https:\/\/www.messinaoggi.it\/website\/wp-json\/wp\/v2\/users\/18"}],"replies":[{"embeddable":true,"href":"https:\/\/www.messinaoggi.it\/website\/wp-json\/wp\/v2\/comments?post=131049"}],"version-history":[{"count":0,"href":"https:\/\/www.messinaoggi.it\/website\/wp-json\/wp\/v2\/posts\/131049\/revisions"}],"wp:featuredmedia":[{"embeddable":true,"href":"https:\/\/www.messinaoggi.it\/website\/wp-json\/wp\/v2\/media\/131050"}],"wp:attachment":[{"href":"https:\/\/www.messinaoggi.it\/website\/wp-json\/wp\/v2\/media?parent=131049"}],"wp:term":[{"taxonomy":"category","embeddable":true,"href":"https:\/\/www.messinaoggi.it\/website\/wp-json\/wp\/v2\/categories?post=131049"},{"taxonomy":"post_tag","embeddable":true,"href":"https:\/\/www.messinaoggi.it\/website\/wp-json\/wp\/v2\/tags?post=131049"}],"curies":[{"name":"wp","href":"https:\/\/api.w.org\/{rel}","templated":true}]}}