{"id":131039,"date":"2022-11-23T15:07:59","date_gmt":"2022-11-23T14:07:59","guid":{"rendered":"https:\/\/www.messinaoggi.it\/website\/2022\/11\/23\/indagine-ey-swg-comuni-decisivi-per-rendere-le-citta-piu-smart\/"},"modified":"2022-11-23T15:07:59","modified_gmt":"2022-11-23T14:07:59","slug":"indagine-ey-swg-comuni-decisivi-per-rendere-le-citta-piu-smart","status":"publish","type":"post","link":"https:\/\/www.messinaoggi.it\/website\/2022\/11\/23\/indagine-ey-swg-comuni-decisivi-per-rendere-le-citta-piu-smart\/","title":{"rendered":"Indagine EY-SWG, Comuni decisivi per rendere le citt\u00e0 pi\u00f9 smart"},"content":{"rendered":"<div>BERGAMO (ITALPRESS) &#8211; I cittadini hanno un grande desiderio di trasformazione in chiave digitale, inclusiva e sostenibile delle citt\u00e0 in cui vivono e ritengono le amministrazioni locali il soggetto pi\u00f9 importante per migliorare la citt\u00e0. E&#8217; quanto emerge da un&#8217;indagine realizzata da EY, in collaborazione con SWG, su un campione di oltre 1.200 residenti in citt\u00e0 italiane capoluogo di provincia. A presentarla Massimo Antonelli, CEO di EY in Italia e COO di EY Europe West, intervenendo alla XXXIX Assemblea annuale dell&#8217;Anci a Bergamo. &#8220;Dall&#8217;indagine che abbiamo realizzato insieme a SWG su oltre 1.200 cittadini italiani, \u00e8 emerso che c&#8217;\u00e8 soddisfazione verso i capoluoghi italiani in termini di vivibilit\u00e0 e fruibilit\u00e0 &#8211; afferma Antonelli -. I cittadini valutano positivamente la capacit\u00e0 delle amministrazioni locali di prendersi cura della citt\u00e0 e dei suoi spazi e attribuiscono loro un ruolo chiave nel processo di trasformazione del contesto urbano in chiave digitale, sostenibile e inclusiva&#8221;. <br \/>I voti medi sono ben oltre la sufficienza per disponibilit\u00e0 di servizi pubblici come scuole, ospedali, centri sportivi (voto: 6,6); bellezza degli spazi, degli edifici (voto: 6,6); qualit\u00e0 dell&#8217;offerta culturale (voto 6,4). Un ruolo chiave \u00e8 attribuito alle amministrazioni locali: la met\u00e0 degli intervistati ne valuta<br \/>positivamente la capacit\u00e0 di prendersi cura della citt\u00e0 e dei suoi spazi e per il 51% del campione le amministrazioni comunali (51%) e in seconda battuta i singoli cittadini (23%) sono i soggetti chiave per migliorare le citt\u00e0, rendendole pi\u00f9 smart e vivibili. Dall&#8217;indagine emerge inoltre che &#8220;l&#8217;84% degli intervistati ritiene importante la possibilit\u00e0 di partecipare ai processi decisionali e alle scelte che riguardano il futuro della citt\u00e0 &#8211; sottolinea Antonelli -. E&#8217; dunque arrivato il momento di mettere a terra l&#8217;ultimo miglio della trasformazione delle citt\u00e0, mettendo le persone al centro e facendo leva sul digitale, grazie anche alle risorse del PNRR&#8221;. <div id=\"div-gpt-ad-Messinaoggi.it-DSK-300x250-corpoart\" style=\"text-align:center;margin:0 auto;\"><\/div><\/p>\n<p>&#8211; foto ufficio stampa Ernst &amp; Young &#8211;<br \/>(ITALPRESS).<\/div>\n<div id=\"videoincontent\" style=\"clear:both\";><\/div>","protected":false},"excerpt":{"rendered":"<p>BERGAMO (ITALPRESS) &#8211; I cittadini hanno un grande desiderio di trasformazione in chiave digitale, inclusiva e sostenibile delle citt\u00e0 in cui vivono e ritengono le amministrazioni locali il soggetto pi\u00f9 importante per migliorare la citt\u00e0. E&#8217; quanto emerge da un&#8217;indagine realizzata da EY, in collaborazione con SWG, su un campione di oltre 1.200 residenti in [&hellip;]<\/p>\n","protected":false},"author":18,"featured_media":131040,"comment_status":"closed","ping_status":"closed","sticky":false,"template":"","format":"standard","meta":{"ub_ctt_via":"","_mi_skip_tracking":false},"categories":[446],"tags":[783],"featured_image_src":"https:\/\/www.messinaoggi.it\/website\/wp-content\/uploads\/2022\/11\/20221123_0755.jpg","author_info":{"display_name":"Admin","author_link":"https:\/\/www.messinaoggi.it\/website\/author\/admin\/"},"digistream_id":0,"digistream":false,"_links":{"self":[{"href":"https:\/\/www.messinaoggi.it\/website\/wp-json\/wp\/v2\/posts\/131039"}],"collection":[{"href":"https:\/\/www.messinaoggi.it\/website\/wp-json\/wp\/v2\/posts"}],"about":[{"href":"https:\/\/www.messinaoggi.it\/website\/wp-json\/wp\/v2\/types\/post"}],"author":[{"embeddable":true,"href":"https:\/\/www.messinaoggi.it\/website\/wp-json\/wp\/v2\/users\/18"}],"replies":[{"embeddable":true,"href":"https:\/\/www.messinaoggi.it\/website\/wp-json\/wp\/v2\/comments?post=131039"}],"version-history":[{"count":0,"href":"https:\/\/www.messinaoggi.it\/website\/wp-json\/wp\/v2\/posts\/131039\/revisions"}],"wp:featuredmedia":[{"embeddable":true,"href":"https:\/\/www.messinaoggi.it\/website\/wp-json\/wp\/v2\/media\/131040"}],"wp:attachment":[{"href":"https:\/\/www.messinaoggi.it\/website\/wp-json\/wp\/v2\/media?parent=131039"}],"wp:term":[{"taxonomy":"category","embeddable":true,"href":"https:\/\/www.messinaoggi.it\/website\/wp-json\/wp\/v2\/categories?post=131039"},{"taxonomy":"post_tag","embeddable":true,"href":"https:\/\/www.messinaoggi.it\/website\/wp-json\/wp\/v2\/tags?post=131039"}],"curies":[{"name":"wp","href":"https:\/\/api.w.org\/{rel}","templated":true}]}}