{"id":13103,"date":"2017-12-15T15:16:07","date_gmt":"2017-12-15T14:16:07","guid":{"rendered":"http:\/\/www.messinaoggi.it\/website\/?p=13103"},"modified":"2017-12-15T15:16:07","modified_gmt":"2017-12-15T14:16:07","slug":"calciomercato-lattaccante-mastroieni-si-accorda-con-il-giardini-naxos","status":"publish","type":"post","link":"https:\/\/www.messinaoggi.it\/website\/2017\/12\/15\/calciomercato-lattaccante-mastroieni-si-accorda-con-il-giardini-naxos\/","title":{"rendered":"Calciomercato, l&#039;attaccante Mastroieni si accorda con il Giardini Naxos"},"content":{"rendered":"<p style=\"text-align: justify\"><span class=\"_3oh- _58nk\"><span style=\"font-family: 'arial' , 'helvetica' , sans-serif\">Sar\u00e0 <strong>Giardini Naxos<\/strong> (Promozione, girone C)\u00a0la prossima\u00a0destinazione calcistica di <strong>Gaetano Mastroieni<\/strong>. Dopo aver\u00a0chiesto\u00a0e ottenuto lo svincolo\u00a0al Citt\u00e0 di Messina,\u00a0l&#8217;attaccante classe &#8217;88 decide quindi di ripartire da una piazza nella quale aveva gi\u00e0 militato tre anni fa. E poco gli importa di essere sceso di categoria:\u00a0per lui,\u00a0sebbene\u00a0possa esibire in curriculum\u00a0precedenti in\u00a0ben altre categorie (vedi\u00a0la Serie B con\u00a0l&#8217;Fc Messina nel 2008, <span style=\"font-family: Arial\">\u00a0ma anche la\u00a0ribalta televisiva con\u00a0il Leyton Orient<\/span>),\u00a0la serie di militanza \u00e8 un fattore che conta ormai solo fino a un certo punto.<\/span><\/span><div id=\"div-gpt-ad-Messinaoggi.it-DSK-300x250-corpoart\" style=\"text-align:center;margin:0 auto;\"><\/div><\/p>\n<div class=\"_aok\" style=\"text-align: justify\"><span class=\"_3oh- _58nk\"><span style=\"font-family: 'arial' , 'helvetica' , sans-serif\">&#8220;<em>Ho scelto Giardini perch\u00e9 ci sono gi\u00e0\u00a0stato tre anni fa <\/em>&#8211; spiega &#8211;\u00a0<em>trovandomi pi\u00f9 che bene.\u00a0Mi \u00e8 stata fatta\u00a0un&#8217;offerta\u00a0di molto superiore rispetto\u00a0a quella del Real Rometta.\u00a0Ho deciso di lasciare il Citt\u00e0 di Messina perch\u00e9 non mi sono mai sentito a mio agio e neppure preso in considerazione per come sentivo di meritare. In pi\u00f9\u00a0ultimamente non\u00a0ero abbastanza\u00a0sereno, per\u00a0via dei problemi di salute\u00a0a mio figlio che si \u00e8 dovuto sottoporre a intervento.\u00a0\u00a0Ecco i motivi per i quali\u00a0perch\u00e9 ho preso questa decisione ben prima del periodo\u00a0degli svincoli&#8221;.<\/em><\/span><\/span><\/div>\n<div class=\"_aok\" style=\"text-align: justify\"><span class=\"_3oh- _58nk\"><span style=\"font-family: 'arial' , 'helvetica' , sans-serif\">Mastroieni sar\u00e0 arruolabile gi\u00e0 da sabato prossimo allorquando il Giardini Naxos render\u00e0 visita alla Lineri Misterbianco, nel 15\u00b0 e ultimo turno d&#8217;andata del torneo di Promozione. La squadra ionica \u00e8 attualmente sesta in classifica con 23 punti, cinque in meno rispetto alla zona play-off che sembra l&#8217;obiettivo minimo del sodalizio alla luce anche dell&#8217;organico consegnato la scorsa estate al tecnico Brunetto. Basti pensare ad esempio al reparto offensivo nel quale Mastroieni si va ad aggiungere ai gi\u00e0 presenti Eugenio\u00a0Lu Vito e Cristian\u00a0Varrica,\u00a0dando vita a una formidabile batteria di &#8220;<em>vecchie volpi<\/em>&#8221; del calcio dilettantistico che\u00a0&#8211; alla luce dei loro trascorsi &#8211;\u00a0non\u00a0necessitano di particolari presentazioni.<\/span><\/span><\/div>\n<div><\/div>\n<div><strong>Nella foto Gaetano Mastroieni con la maglia del Pistunina (Scatto Roberto Santoro)<\/strong><\/div>\n<p style=\"text-align: justify\">\n<div id=\"videoincontent\" style=\"clear:both\";><\/div>","protected":false},"excerpt":{"rendered":"<p>Sar\u00e0 Giardini Naxos (Promozione, girone C)\u00a0la prossima\u00a0destinazione calcistica di Gaetano Mastroieni. Dopo aver\u00a0chiesto\u00a0e ottenuto lo svincolo\u00a0al Citt\u00e0 di Messina,\u00a0l&#8217;attaccante classe &#8217;88 decide quindi di ripartire da una piazza nella quale aveva gi\u00e0 militato tre anni fa. E poco gli importa di essere sceso di categoria:\u00a0per lui,\u00a0sebbene\u00a0possa esibire in curriculum\u00a0precedenti in\u00a0ben altre categorie (vedi\u00a0la Serie B [&hellip;]<\/p>\n","protected":false},"author":9,"featured_media":13105,"comment_status":"closed","ping_status":"open","sticky":false,"template":"","format":"standard","meta":{"ub_ctt_via":"","_mi_skip_tracking":false},"categories":[10,9],"tags":[],"featured_image_src":"https:\/\/www.messinaoggi.it\/website\/wp-content\/uploads\/2017\/12\/DSCF6557-1.jpg","author_info":{"display_name":"Roberto Santoro","author_link":"https:\/\/www.messinaoggi.it\/website\/author\/r-santoro\/"},"digistream_id":0,"digistream":false,"_links":{"self":[{"href":"https:\/\/www.messinaoggi.it\/website\/wp-json\/wp\/v2\/posts\/13103"}],"collection":[{"href":"https:\/\/www.messinaoggi.it\/website\/wp-json\/wp\/v2\/posts"}],"about":[{"href":"https:\/\/www.messinaoggi.it\/website\/wp-json\/wp\/v2\/types\/post"}],"author":[{"embeddable":true,"href":"https:\/\/www.messinaoggi.it\/website\/wp-json\/wp\/v2\/users\/9"}],"replies":[{"embeddable":true,"href":"https:\/\/www.messinaoggi.it\/website\/wp-json\/wp\/v2\/comments?post=13103"}],"version-history":[{"count":0,"href":"https:\/\/www.messinaoggi.it\/website\/wp-json\/wp\/v2\/posts\/13103\/revisions"}],"wp:featuredmedia":[{"embeddable":true,"href":"https:\/\/www.messinaoggi.it\/website\/wp-json\/wp\/v2\/media\/13105"}],"wp:attachment":[{"href":"https:\/\/www.messinaoggi.it\/website\/wp-json\/wp\/v2\/media?parent=13103"}],"wp:term":[{"taxonomy":"category","embeddable":true,"href":"https:\/\/www.messinaoggi.it\/website\/wp-json\/wp\/v2\/categories?post=13103"},{"taxonomy":"post_tag","embeddable":true,"href":"https:\/\/www.messinaoggi.it\/website\/wp-json\/wp\/v2\/tags?post=13103"}],"curies":[{"name":"wp","href":"https:\/\/api.w.org\/{rel}","templated":true}]}}