{"id":131013,"date":"2022-11-23T13:02:50","date_gmt":"2022-11-23T12:02:50","guid":{"rendered":"https:\/\/www.messinaoggi.it\/website\/2022\/11\/23\/arriva-nelle-scuole-di-palermo-iopostogiusto-per-un-corretto-uso-di-internet\/"},"modified":"2022-11-23T13:02:50","modified_gmt":"2022-11-23T12:02:50","slug":"arriva-nelle-scuole-di-palermo-iopostogiusto-per-un-corretto-uso-di-internet","status":"publish","type":"post","link":"https:\/\/www.messinaoggi.it\/website\/2022\/11\/23\/arriva-nelle-scuole-di-palermo-iopostogiusto-per-un-corretto-uso-di-internet\/","title":{"rendered":"Arriva nelle scuole di Palermo #IOPOSTOGIUSTO, per un corretto uso di internet"},"content":{"rendered":"<div>\n<p>PALERMO (ITALPRESS) \u2013 Informare i ragazzi perch\u00e8 usino Internet e i social media in modo pi\u00f9 responsabile: \u00e8 questo l\u2019intento di #IOPOSTOGIUSTO, la serie di incontri formativi organizzati dallo studio legale Palmigiano e Associati e dal Dipartimento di Scienze Politiche e delle Relazioni internazionali dell\u2019Universit\u00e0 degli Studi di Palermo, che coinvolger\u00e0 alcuni istituti di Palermo e provincia.<br \/>La fase pilota del progetto era stata avviata nel 2019 ed aveva coinvolto oltre 300 studenti del Liceo Scientifico Galileo Galilei, del Liceo Classico Umberto I e dell\u2019Istituto Ferrara di Palermo, con grande successo anche tra gli insegnanti. A causa della pandemia le iniziative si erano fermate, ma quest\u2019anno gli avvocati dello studio Palmigiano e Associati torneranno in aula a seguito delle numerose richieste pervenute dai docenti.<br \/>\u201cAssieme al professore Antonello Miranda \u2013 spiega l\u2019avvocato Alessandro Palmigiano, Managing Partner di Palmigiano e Associati \u2013 abbiamo sentito l\u2019esigenza di voler rispondere alle richieste pervenute dalle scuole. Sono temi attuali, che ci interessano come professionisti, ma anche come genitori, perch\u00e8 molte vicende spesso possono coinvolgere ragazzi dell\u2019et\u00e0 dei nostri figli. A volte, i giovani non comprendono che i loro comportamenti sui social o nelle chat possono avere delle conseguenze nella vita reale, e solo una corretta informazione pu\u00f2 aiutarli a condividere e postare consapevolmente\u201d.<br \/>Due gli incontri previsti nei prossimi giorni: il 25 novembre all\u2019Istituto Ferrara di Palermo e il 20 dicembre all\u2019Istituto di Istruzione Superiore Mursia di Carini. <br \/>A parlare dei rischi, della responsabilit\u00e0 civile e penale e dei diritti e doveri che gli utenti devono osservare su internet, sar\u00e0 l\u2019avvocato Luca Panzarella, partner dello studio Palmigiano e Associati ed esperto di tematiche legate ad internet e alla privacy.<br \/>(ITALPRESS).<div id=\"div-gpt-ad-Messinaoggi.it-DSK-300x250-corpoart\" style=\"text-align:center;margin:0 auto;\"><\/div><\/p>\n<\/div>\n<div id=\"videoincontent\" style=\"clear:both\";><\/div>","protected":false},"excerpt":{"rendered":"<p>PALERMO (ITALPRESS) \u2013 Informare i ragazzi perch\u00e8 usino Internet e i social media in modo pi\u00f9 responsabile: \u00e8 questo l\u2019intento di #IOPOSTOGIUSTO, la serie di incontri formativi organizzati dallo studio legale Palmigiano e Associati e dal Dipartimento di Scienze Politiche e delle Relazioni internazionali dell\u2019Universit\u00e0 degli Studi di Palermo, che coinvolger\u00e0 alcuni istituti di Palermo [&hellip;]<\/p>\n","protected":false},"author":18,"featured_media":131014,"comment_status":"closed","ping_status":"closed","sticky":false,"template":"","format":"standard","meta":{"ub_ctt_via":"","_mi_skip_tracking":false},"categories":[2449],"tags":[783],"featured_image_src":"https:\/\/www.messinaoggi.it\/website\/wp-content\/uploads\/2022\/11\/20221123_0382.jpg","author_info":{"display_name":"Admin","author_link":"https:\/\/www.messinaoggi.it\/website\/author\/admin\/"},"digistream_id":0,"digistream":false,"_links":{"self":[{"href":"https:\/\/www.messinaoggi.it\/website\/wp-json\/wp\/v2\/posts\/131013"}],"collection":[{"href":"https:\/\/www.messinaoggi.it\/website\/wp-json\/wp\/v2\/posts"}],"about":[{"href":"https:\/\/www.messinaoggi.it\/website\/wp-json\/wp\/v2\/types\/post"}],"author":[{"embeddable":true,"href":"https:\/\/www.messinaoggi.it\/website\/wp-json\/wp\/v2\/users\/18"}],"replies":[{"embeddable":true,"href":"https:\/\/www.messinaoggi.it\/website\/wp-json\/wp\/v2\/comments?post=131013"}],"version-history":[{"count":0,"href":"https:\/\/www.messinaoggi.it\/website\/wp-json\/wp\/v2\/posts\/131013\/revisions"}],"wp:featuredmedia":[{"embeddable":true,"href":"https:\/\/www.messinaoggi.it\/website\/wp-json\/wp\/v2\/media\/131014"}],"wp:attachment":[{"href":"https:\/\/www.messinaoggi.it\/website\/wp-json\/wp\/v2\/media?parent=131013"}],"wp:term":[{"taxonomy":"category","embeddable":true,"href":"https:\/\/www.messinaoggi.it\/website\/wp-json\/wp\/v2\/categories?post=131013"},{"taxonomy":"post_tag","embeddable":true,"href":"https:\/\/www.messinaoggi.it\/website\/wp-json\/wp\/v2\/tags?post=131013"}],"curies":[{"name":"wp","href":"https:\/\/api.w.org\/{rel}","templated":true}]}}