{"id":130976,"date":"2022-11-23T10:28:21","date_gmt":"2022-11-23T09:28:21","guid":{"rendered":"http:\/\/www.messinaoggi.it\/website\/?p=130976"},"modified":"2022-11-23T11:21:37","modified_gmt":"2022-11-23T10:21:37","slug":"messinasenzacqua-amam-avanti-con-efficientamento-idrico","status":"publish","type":"post","link":"https:\/\/www.messinaoggi.it\/website\/2022\/11\/23\/messinasenzacqua-amam-avanti-con-efficientamento-idrico\/","title":{"rendered":"Messinasenzacqua, Amam: &#8220;Avanti con efficientamento idrico&#8221;"},"content":{"rendered":"\n<p>\u201cNel prendere atto della sentenza del tribunale di Palermo sulla class action proposta dalle associazioni dei consumatori a seguito della crisi idrica che ha interessato la citt\u00e0 di Messina nel 2015, causata dalla rottura dell\u2019Acquedotto Fiumefreddo, e nelle more di un\u2019analisi sulle motivazioni del provvedimento giurisdizionale che sar\u00e0 effettuata dai legali di A.M.A.M. S.p.A., non si pu\u00f2 essere ancora pi\u00f9 convinti e decisi in merito all\u2019azione di rinnovamento ed efficientamento dei servizi idrici e delle infrastrutture a servizio della distribuzione idrica e della depurazione\u201d. <div id=\"div-gpt-ad-Messinaoggi.it-DSK-300x250-corpoart\" style=\"text-align:center;margin:0 auto;\"><\/div><\/p>\n\n\n\n<p>\u00c8 quanto evidenziano in una nota la governance dell\u2019Azienda Meridionale Acque Messina S.p.A. \u201cSi deve infatti riconoscere \u2013 prosegue il documento \u2013 che a fronte di quell\u2019insostenibile perdurare della crisi idrica dell\u2019ottobre\/novembre 2015, AMAM da 5 anni a questa parte ha investito nella progettazione e realizzazione di interventi finalizzati all\u2019efficienza nella distribuzione, ma anche nella messa in sicurezza delle reti idriche e delle condotte di grosse dimensioni, in tale ottica vanno inquadrati gli interventi che hanno riguardato la sostituzione di tratti di acquedotto Fiumefreddo effettuati nel 2019 nel territorio di Forza D\u2019Agr\u00f2, come anche quello che dal prossimo venerd\u00ec 25, sar\u00e0 avviato nella zona di Piazza D\u2019Armi. \u00c8 proprio la prevenzione a guidare l\u2019azione di AMAM \u2013 conclude la nota &#8211; nel programmare lavori di mitigazione del rischio, mediante la ricerca perdite che oltre a recuperare volumi importanti di risorse idriche, evitano emergenze come quella del 2015\u201d. <div id=\"videoincontent\" style=\"clear:both\";><\/div><\/p>\n\n\n\n<p>Il Sindaco <strong>Federico Basile, <\/strong>nel commentare la notizia della sentenza ha dichiarato \u201cProprio in memoria dell\u2019evento del 2015 sono stati impartiti ad AMAM indirizzi ferrei finalizzati ad una gestione virtuosa in termini di prevenzione che faccia dimenticare quella drammatica emergenza e le relative fasi gestionali\u201d. <\/p>\n\n\n\n<p>In merito, il presidente di AMAM <strong>Loredana Bonasera<\/strong> ha aggiunto \u201ci lavori, in programma da venerd\u00ec 25, sulla condotta sotto Piazza D\u2019Armi sono finalizzati all\u2019ammodernamento della rete idrica di Messina al fine di evitare emergenze come quella del 2015. Per questa ragione, nel chiedere scusa per i disagi che si paleseranno nel fine settimana, si auspica la comprensione degli abitanti residenti nelle zone interessate dall\u2019interruzione idrica\u201d.<\/p>\n","protected":false},"excerpt":{"rendered":"<p>\u201cNel prendere atto della sentenza del tribunale di Palermo sulla class action proposta dalle associazioni dei consumatori a seguito della crisi idrica che ha interessato la citt\u00e0 di Messina nel 2015, causata dalla rottura dell\u2019Acquedotto Fiumefreddo, e nelle more di un\u2019analisi sulle motivazioni del provvedimento giurisdizionale che sar\u00e0 effettuata dai legali di A.M.A.M. S.p.A., non [&hellip;]<\/p>\n","protected":false},"author":15,"featured_media":1679,"comment_status":"open","ping_status":"open","sticky":false,"template":"","format":"standard","meta":{"ub_ctt_via":"","_mi_skip_tracking":false},"categories":[19],"tags":[1080,5556,5557,2972,2050,5555,3641],"featured_image_src":"https:\/\/www.messinaoggi.it\/website\/wp-content\/uploads\/2017\/06\/Amam-sede-2.jpg","author_info":{"display_name":"red.me","author_link":"https:\/\/www.messinaoggi.it\/website\/author\/red-me\/"},"digistream_id":0,"digistream":false,"_links":{"self":[{"href":"https:\/\/www.messinaoggi.it\/website\/wp-json\/wp\/v2\/posts\/130976"}],"collection":[{"href":"https:\/\/www.messinaoggi.it\/website\/wp-json\/wp\/v2\/posts"}],"about":[{"href":"https:\/\/www.messinaoggi.it\/website\/wp-json\/wp\/v2\/types\/post"}],"author":[{"embeddable":true,"href":"https:\/\/www.messinaoggi.it\/website\/wp-json\/wp\/v2\/users\/15"}],"replies":[{"embeddable":true,"href":"https:\/\/www.messinaoggi.it\/website\/wp-json\/wp\/v2\/comments?post=130976"}],"version-history":[{"count":2,"href":"https:\/\/www.messinaoggi.it\/website\/wp-json\/wp\/v2\/posts\/130976\/revisions"}],"predecessor-version":[{"id":130999,"href":"https:\/\/www.messinaoggi.it\/website\/wp-json\/wp\/v2\/posts\/130976\/revisions\/130999"}],"wp:featuredmedia":[{"embeddable":true,"href":"https:\/\/www.messinaoggi.it\/website\/wp-json\/wp\/v2\/media\/1679"}],"wp:attachment":[{"href":"https:\/\/www.messinaoggi.it\/website\/wp-json\/wp\/v2\/media?parent=130976"}],"wp:term":[{"taxonomy":"category","embeddable":true,"href":"https:\/\/www.messinaoggi.it\/website\/wp-json\/wp\/v2\/categories?post=130976"},{"taxonomy":"post_tag","embeddable":true,"href":"https:\/\/www.messinaoggi.it\/website\/wp-json\/wp\/v2\/tags?post=130976"}],"curies":[{"name":"wp","href":"https:\/\/api.w.org\/{rel}","templated":true}]}}