{"id":130974,"date":"2022-11-23T10:05:49","date_gmt":"2022-11-23T09:05:49","guid":{"rendered":"http:\/\/www.messinaoggi.it\/website\/?p=130974"},"modified":"2022-11-23T10:05:51","modified_gmt":"2022-11-23T09:05:51","slug":"ponte-germana-torna-la-stretto-spa-sulla-strada-giusta","status":"publish","type":"post","link":"https:\/\/www.messinaoggi.it\/website\/2022\/11\/23\/ponte-germana-torna-la-stretto-spa-sulla-strada-giusta\/","title":{"rendered":"Ponte, German\u00e0: &#8220;torna la Stretto Spa, sulla strada giusta&#8221;"},"content":{"rendered":"\n<p>\u201cGrazie all\u2019impegno del Vicepremier e Ministro delle Infrastrutture e dei Trasporti Matteo Salvini, finalmente si compiono passi avanti importanti per il Ponte sullo Stretto. La manovra prevede, infatti, la riattivazione della societ\u00e0 Stretto di Messina, con il riavvio di un percorso cominciato 54 anni fa e che alla collettivit\u00e0 \u00e8 costato centinaia di migliaia di euro senza aver mai concluso nulla. Adesso, invece, si passa ai fatti. Il Vicepremier e Ministro delle Infrastrutture e dei Trasporti Matteo Salvini, ha anche dichiarato che il 5 dicembre a Bruxelles chieder\u00e0 un cofinanziamento europeo per la realizzazione del Ponte.<div id=\"div-gpt-ad-Messinaoggi.it-DSK-300x250-corpoart\" style=\"text-align:center;margin:0 auto;\"><\/div><\/p>\n\n\n\n<p><br>Salvini sta seguendo questo dossier, sin dall\u2019inizio, con concretezza e determinazione. Siamo sulla strada giusta. Sono sicuro che, grazie al lavoro pragmatico di Salvini e dell\u2019esecutivo di centrodestra, sar\u00e0 la volta buona per la realizzazione di un\u2019opera importante e strategica per la Sicilia e per l\u2019intero Paese\u201d.<div id=\"videoincontent\" style=\"clear:both\";><\/div><\/p>\n\n\n\n<p><br>Cos\u00ec in una nota il senatore siciliano della Lega <strong>Nino German\u00e0.<\/strong><\/p>\n","protected":false},"excerpt":{"rendered":"<p>\u201cGrazie all\u2019impegno del Vicepremier e Ministro delle Infrastrutture e dei Trasporti Matteo Salvini, finalmente si compiono passi avanti importanti per il Ponte sullo Stretto. La manovra prevede, infatti, la riattivazione della societ\u00e0 Stretto di Messina, con il riavvio di un percorso cominciato 54 anni fa e che alla collettivit\u00e0 \u00e8 costato centinaia di migliaia di [&hellip;]<\/p>\n","protected":false},"author":15,"featured_media":129959,"comment_status":"open","ping_status":"open","sticky":false,"template":"","format":"standard","meta":{"ub_ctt_via":"","_mi_skip_tracking":false},"categories":[4],"tags":[4936,1035,1082,630,5554],"featured_image_src":"https:\/\/www.messinaoggi.it\/website\/wp-content\/uploads\/2022\/11\/WhatsApp-Image-2022-11-15-at-12.13.32-1-e1668534847640.jpg","author_info":{"display_name":"red.me","author_link":"https:\/\/www.messinaoggi.it\/website\/author\/red-me\/"},"digistream_id":0,"digistream":false,"_links":{"self":[{"href":"https:\/\/www.messinaoggi.it\/website\/wp-json\/wp\/v2\/posts\/130974"}],"collection":[{"href":"https:\/\/www.messinaoggi.it\/website\/wp-json\/wp\/v2\/posts"}],"about":[{"href":"https:\/\/www.messinaoggi.it\/website\/wp-json\/wp\/v2\/types\/post"}],"author":[{"embeddable":true,"href":"https:\/\/www.messinaoggi.it\/website\/wp-json\/wp\/v2\/users\/15"}],"replies":[{"embeddable":true,"href":"https:\/\/www.messinaoggi.it\/website\/wp-json\/wp\/v2\/comments?post=130974"}],"version-history":[{"count":1,"href":"https:\/\/www.messinaoggi.it\/website\/wp-json\/wp\/v2\/posts\/130974\/revisions"}],"predecessor-version":[{"id":130975,"href":"https:\/\/www.messinaoggi.it\/website\/wp-json\/wp\/v2\/posts\/130974\/revisions\/130975"}],"wp:featuredmedia":[{"embeddable":true,"href":"https:\/\/www.messinaoggi.it\/website\/wp-json\/wp\/v2\/media\/129959"}],"wp:attachment":[{"href":"https:\/\/www.messinaoggi.it\/website\/wp-json\/wp\/v2\/media?parent=130974"}],"wp:term":[{"taxonomy":"category","embeddable":true,"href":"https:\/\/www.messinaoggi.it\/website\/wp-json\/wp\/v2\/categories?post=130974"},{"taxonomy":"post_tag","embeddable":true,"href":"https:\/\/www.messinaoggi.it\/website\/wp-json\/wp\/v2\/tags?post=130974"}],"curies":[{"name":"wp","href":"https:\/\/api.w.org\/{rel}","templated":true}]}}