{"id":130954,"date":"2022-11-22T21:07:59","date_gmt":"2022-11-22T20:07:59","guid":{"rendered":"https:\/\/www.messinaoggi.it\/website\/2022\/11\/22\/mattarella-coesione-del-paese-passa-dai-comuni\/"},"modified":"2022-11-22T21:07:59","modified_gmt":"2022-11-22T20:07:59","slug":"mattarella-coesione-del-paese-passa-dai-comuni","status":"publish","type":"post","link":"https:\/\/www.messinaoggi.it\/website\/2022\/11\/22\/mattarella-coesione-del-paese-passa-dai-comuni\/","title":{"rendered":"Mattarella \u201cCoesione del Paese passa dai Comuni\u201d"},"content":{"rendered":"<div>BERGAMO (ITALPRESS) &#8211; &#8220;Occorre ridurre le distanze tra centro e periferie metropolitane e i divari tra chi gode di determinati servizi e chi invece li raggiunge a fatica e solo in parte.<br \/>Ridurre le distanze nella possibilit\u00e0 di esercizio dei diritti: perch\u00e8 oggi, tra realt\u00e0 urbane e aree interne, tra centri di grande collegamento, comunit\u00e0 montane e realt\u00e0 insulari, non sempre i diritti e i servizi riescono ad essere assicurati in modo eguale. La coesione del Paese passa anche e, vorrei dire, soprattutto, dai Comuni&#8221;. Cos\u00ec il presidente della Repubblica, Sergio Mattarella, all&#8217;assemblea dell&#8217;Anci a Bergamo.<br \/>&#8220;Sono compiti di straordinario rilievo che richiedono un impegno condiviso e solidale. Sussidiariet\u00e0, infatti, non significa scaricare le difficolt\u00e0 sull&#8217;anello istituzionale pi\u00f9 a diretto contatto con i cittadini ma piuttosto sostenerlo. Significa partecipazione. Condivisione e dialogo tra i vari livelli di governo. Cos\u00ec si affrontano e risolvono i problemi e non possiamo permetterci ritardi&#8221;, ha aggiunto. &#8220;I Comuni, e lo testimonia la nostra tradizione millenaria, sono l&#8217;Italia. Sono la Repubblica, come recita l&#8217;art.114 della Costituzione. I quasi 9.000 Comuni italiani adempiono, con identica dignit\u00e0 e impegno, alla responsabilit\u00e0 di sostenere le nostre comunit\u00e0, offrendo servizi di carattere universale. La Costituzione sancisce il principio di uguaglianza per i cittadini e, naturalmente, vale per i Comuni, che devono essere messi tutti in condizione di adempiere ai compiti loro affidati, per poter concorrere a realizzare il principio costituzionale della pari dignit\u00e0 dei cittadini&#8221;, ha concluso il capo dello Stato.<br \/>(ITALPRESS).<br \/>-foto Quirinale-<\/div>\n<div id=\"div-gpt-ad-Messinaoggi.it-DSK-300x250-corpoart\" style=\"text-align:center;margin:0 auto;\"><\/div><\/p><div id=\"videoincontent\" style=\"clear:both\";><\/div>","protected":false},"excerpt":{"rendered":"<p>BERGAMO (ITALPRESS) &#8211; &#8220;Occorre ridurre le distanze tra centro e periferie metropolitane e i divari tra chi gode di determinati servizi e chi invece li raggiunge a fatica e solo in parte.Ridurre le distanze nella possibilit\u00e0 di esercizio dei diritti: perch\u00e8 oggi, tra realt\u00e0 urbane e aree interne, tra centri di grande collegamento, comunit\u00e0 montane [&hellip;]<\/p>\n","protected":false},"author":18,"featured_media":130955,"comment_status":"closed","ping_status":"closed","sticky":false,"template":"","format":"standard","meta":{"ub_ctt_via":"","_mi_skip_tracking":false},"categories":[446],"tags":[783],"featured_image_src":"https:\/\/www.messinaoggi.it\/website\/wp-content\/uploads\/2022\/11\/20221122_2263.jpg","author_info":{"display_name":"Admin","author_link":"https:\/\/www.messinaoggi.it\/website\/author\/admin\/"},"digistream_id":0,"digistream":false,"_links":{"self":[{"href":"https:\/\/www.messinaoggi.it\/website\/wp-json\/wp\/v2\/posts\/130954"}],"collection":[{"href":"https:\/\/www.messinaoggi.it\/website\/wp-json\/wp\/v2\/posts"}],"about":[{"href":"https:\/\/www.messinaoggi.it\/website\/wp-json\/wp\/v2\/types\/post"}],"author":[{"embeddable":true,"href":"https:\/\/www.messinaoggi.it\/website\/wp-json\/wp\/v2\/users\/18"}],"replies":[{"embeddable":true,"href":"https:\/\/www.messinaoggi.it\/website\/wp-json\/wp\/v2\/comments?post=130954"}],"version-history":[{"count":0,"href":"https:\/\/www.messinaoggi.it\/website\/wp-json\/wp\/v2\/posts\/130954\/revisions"}],"wp:featuredmedia":[{"embeddable":true,"href":"https:\/\/www.messinaoggi.it\/website\/wp-json\/wp\/v2\/media\/130955"}],"wp:attachment":[{"href":"https:\/\/www.messinaoggi.it\/website\/wp-json\/wp\/v2\/media?parent=130954"}],"wp:term":[{"taxonomy":"category","embeddable":true,"href":"https:\/\/www.messinaoggi.it\/website\/wp-json\/wp\/v2\/categories?post=130954"},{"taxonomy":"post_tag","embeddable":true,"href":"https:\/\/www.messinaoggi.it\/website\/wp-json\/wp\/v2\/tags?post=130954"}],"curies":[{"name":"wp","href":"https:\/\/api.w.org\/{rel}","templated":true}]}}