{"id":13083,"date":"2017-12-15T14:45:59","date_gmt":"2017-12-15T13:45:59","guid":{"rendered":"http:\/\/www.messinaoggi.it\/website\/?p=13083"},"modified":"2017-12-15T14:45:59","modified_gmt":"2017-12-15T13:45:59","slug":"trasferimento-personale-promoeco-nella-partecipata-amam-burrascano-decisione-illegittima","status":"publish","type":"post","link":"https:\/\/www.messinaoggi.it\/website\/2017\/12\/15\/trasferimento-personale-promoeco-nella-partecipata-amam-burrascano-decisione-illegittima\/","title":{"rendered":"Trasferimento personale Promoeco nella Partecipata AMAM, Burrascano: &#039;Decisione illegittima&#039;"},"content":{"rendered":"<p align=\"LEFT\"><span style=\"font-family: Arial, sans-serif\"><span style=\"font-size: medium\">Pu\u00f2 l&#8217;amministrazione comunale trasferire il personale della Promoeco, la ditta che si occupa della verifica e del controllo degli impianti termici nel comune di Messina, nella Partecipata AMAM? \u00c8 quanto in sintesi si chiede il consigliere comunale Angelo Burrascano in un&#8217;interrogazione. A fare sorgere all&#8217;esponente de Il Megafono il dubbio sulla fattibilit\u00e0 di tale operazione \u00e8 proprio la natura privatistica della ditta in questione. Infatti, secondo la normativa vigente, sarebbe impossibile trasferire il personale di un ente privato in una partecipata pubblica.<\/span><\/span><div id=\"div-gpt-ad-Messinaoggi.it-DSK-300x250-corpoart\" style=\"text-align:center;margin:0 auto;\"><\/div><\/p>\n<p align=\"LEFT\">\u201c<span style=\"font-family: Arial, sans-serif\"><span style=\"font-size: medium\"><span style=\"color: #000000\"><span lang=\"it-IT\">Ad impegnarsi sull&#8217;eventuale fattibilit\u00e0 dell&#8217;inserimento del personale Promoeco nella Partecipata AMAM \u2013 spiega Burrascano \u2013 se ne prese carico l&#8217;Assessore De Cola, il quale afferm\u00f2 che &#8216;<\/span><\/span><span style=\"color: #000000\"><span lang=\"it-IT\"><i>\u00e8 un servizio che svolge funzioni finalizzate alla tutela dell&#8217;aria, dell&#8217;ambiente ed anche al risparmio energetico&#8217;<\/i><\/span><\/span><span style=\"color: #000000\"><span lang=\"it-IT\">.<\/span><\/span><\/span><\/span><div id=\"videoincontent\" style=\"clear:both\";><\/div><\/p>\n<p align=\"LEFT\"><span style=\"font-family: Arial, sans-serif\"><span style=\"font-size: medium\"><span style=\"color: #000000\"><span lang=\"it-IT\">Tuttavia, una decisione del genere sarebbe illegittima in quanto, secondo la legge 147\/2013, non pu\u00f2 esserci mobilit\u00e0 tra societ\u00e0 privata e pubblica. Anzi cos\u00ec facendo, questo provvedimento escluderebbe la possibilit\u00e0 ai cittadini disoccupati di partecipare ad una selezione attraverso un concorso pubblico ed avere le uguali opportunit\u00e0.<\/span><\/span><\/span><\/span><\/p>\n<p align=\"LEFT\"><span style=\"font-family: Arial, sans-serif\"><span style=\"font-size: medium\"><span style=\"color: #000000\"><span lang=\"it-IT\">Per questo motivo il sottoscritto consigliere comunale interroga ognuno per la propria parte di competenza per conoscere se si \u00e8 accertato sulle effettive possibilit\u00e0 di mobilit\u00e0, prima di procedere al passaggio ed assorbimento del personale della Promoeco Sme srl\u201d.<\/span><\/span><\/span><\/span><\/p>\n","protected":false},"excerpt":{"rendered":"<p>Pu\u00f2 l&#8217;amministrazione comunale trasferire il personale della Promoeco, la ditta che si occupa della verifica e del controllo degli impianti termici nel comune di Messina, nella Partecipata AMAM? \u00c8 quanto in sintesi si chiede il consigliere comunale Angelo Burrascano in un&#8217;interrogazione. A fare sorgere all&#8217;esponente de Il Megafono il dubbio sulla fattibilit\u00e0 di tale operazione [&hellip;]<\/p>\n","protected":false},"author":8,"featured_media":1630,"comment_status":"closed","ping_status":"open","sticky":false,"template":"","format":"standard","meta":{"ub_ctt_via":"","_mi_skip_tracking":false},"categories":[4],"tags":[],"featured_image_src":"https:\/\/www.messinaoggi.it\/website\/wp-content\/uploads\/2017\/06\/Burrascano-Angelo-aula-2.jpg","author_info":{"display_name":"red..me","author_link":"https:\/\/www.messinaoggi.it\/website\/author\/redstage\/"},"digistream_id":0,"digistream":false,"_links":{"self":[{"href":"https:\/\/www.messinaoggi.it\/website\/wp-json\/wp\/v2\/posts\/13083"}],"collection":[{"href":"https:\/\/www.messinaoggi.it\/website\/wp-json\/wp\/v2\/posts"}],"about":[{"href":"https:\/\/www.messinaoggi.it\/website\/wp-json\/wp\/v2\/types\/post"}],"author":[{"embeddable":true,"href":"https:\/\/www.messinaoggi.it\/website\/wp-json\/wp\/v2\/users\/8"}],"replies":[{"embeddable":true,"href":"https:\/\/www.messinaoggi.it\/website\/wp-json\/wp\/v2\/comments?post=13083"}],"version-history":[{"count":0,"href":"https:\/\/www.messinaoggi.it\/website\/wp-json\/wp\/v2\/posts\/13083\/revisions"}],"wp:featuredmedia":[{"embeddable":true,"href":"https:\/\/www.messinaoggi.it\/website\/wp-json\/wp\/v2\/media\/1630"}],"wp:attachment":[{"href":"https:\/\/www.messinaoggi.it\/website\/wp-json\/wp\/v2\/media?parent=13083"}],"wp:term":[{"taxonomy":"category","embeddable":true,"href":"https:\/\/www.messinaoggi.it\/website\/wp-json\/wp\/v2\/categories?post=13083"},{"taxonomy":"post_tag","embeddable":true,"href":"https:\/\/www.messinaoggi.it\/website\/wp-json\/wp\/v2\/tags?post=13083"}],"curies":[{"name":"wp","href":"https:\/\/api.w.org\/{rel}","templated":true}]}}