{"id":130814,"date":"2022-11-22T10:08:01","date_gmt":"2022-11-22T09:08:01","guid":{"rendered":"https:\/\/www.messinaoggi.it\/website\/2022\/11\/22\/mattarella-lefficacia-del-welfare-riduce-le-diseguaglianze\/"},"modified":"2022-11-22T10:08:01","modified_gmt":"2022-11-22T09:08:01","slug":"mattarella-lefficacia-del-welfare-riduce-le-diseguaglianze","status":"publish","type":"post","link":"https:\/\/www.messinaoggi.it\/website\/2022\/11\/22\/mattarella-lefficacia-del-welfare-riduce-le-diseguaglianze\/","title":{"rendered":"Mattarella \u201cL\u2019efficacia del welfare riduce le diseguaglianze\u201d"},"content":{"rendered":"<div>ROMA (ITALPRESS) &#8211; &#8220;Il sistema di welfare \u00e8 una colonna portante del nostro modello di convivenza e una misura della concreta attuazione dei principi della nostra Costituzione. Riflettere sui modi in cui, nel contesto dei mutamenti indotti dall&#8217;evolvere dei processi produttivi e dall&#8217;evoluzione della struttura demografica del Paese, gli obiettivi di coesione possano essere resi sempre pi\u00f9 raggiungibili, \u00e8 opera preziosa&#8221;. Lo scrive il presidente della Repubblica, Sergio Mattarella, in occasione del Welfare Italia Forum, in un messaggio inviato al presidente di Unipol Gruppo Spa, Carlo Cimbri.<br \/>&#8220;In questo senso, l&#8217;appuntamento del Welfare Italia Forum e la presentazione del rapporto annuale costituiscono un significativo contributo per l&#8217;intera nostra societ\u00e0 e desidero esprimere apprezzamento agli organizzatori e partecipanti per gli studi, le proposte e le analisi che anche quest&#8217;anno offriranno al confronto &#8211; aggiunge -. Muta e si amplia la platea dei bisogni delle persone e delle comunit\u00e0 e occorre, dunque, un adeguamento altrettanto veloce delle risposte che lo Stato e lo Stato-comunit\u00e0 mettono a disposizione. Il quadro offerto dal PNRR \u00e8 una opportunit\u00e0 in questa direzione&#8221;.<br \/>&#8220;I diritti sociali sono un capitolo determinante nel patto istituzioni-cittadini: sostanzia ed attua la piena appartenenza alla Repubblica. Le strutture dello Stato sociale, a partire dal Servizio Sanitario Nazionale, ci hanno permesso di affrontare la terribile pandemia e le sue molteplici conseguenze, tutelando la salute della popolazione. L&#8217;assetto del sistema previdenziale del Paese \u00e8 prova permanente dell&#8217;attuazione degli articoli costituzionali relativi alla dignit\u00e0 di ogni persona &#8211; sottolinea il capo dello Stato -. Sono, dunque, sfide importanti e l&#8217;efficacia del welfare \u00e8, altres\u00ec, un passaggio rilevante delle politiche di riduzione delle diseguaglianze e di effettiva attuazione dei diritti. Attivare questi obiettivi significa mettere in campo tutte le energie. La collaborazione tra pubblico, privato e terzo settore \u00e8 una chiave, nella conferma del carattere universale dei diritti, per potenziare e ammodernare i servizi. Lo squilibrio demografico che colpisce il Paese e incide sulla sostenibilit\u00e0 presente e futura del modello di welfare, propone, a sua volta, interrogativi &#8211; conclude Mattarella -. Servono, dunque, una visione di lungo periodo e uno sforzo congiunto di tutti gli attori sociali che concorrono nel rispondere alla domanda di assistenza, di cura, di prevenzione, di tutela, in un contesto che vede la concreta minaccia di aumento delle povert\u00e0 e la follia della guerra moltiplicare i fattori di crisi&#8221;.<div id=\"div-gpt-ad-Messinaoggi.it-DSK-300x250-corpoart\" style=\"text-align:center;margin:0 auto;\"><\/div><\/p>\n<p>&#8211; foto ufficio stampa Quirinale &#8211;<div id=\"videoincontent\" style=\"clear:both\";><\/div><\/p>\n<p>(ITALPRESS).<\/p><\/div>\n","protected":false},"excerpt":{"rendered":"<p>ROMA (ITALPRESS) &#8211; &#8220;Il sistema di welfare \u00e8 una colonna portante del nostro modello di convivenza e una misura della concreta attuazione dei principi della nostra Costituzione. Riflettere sui modi in cui, nel contesto dei mutamenti indotti dall&#8217;evolvere dei processi produttivi e dall&#8217;evoluzione della struttura demografica del Paese, gli obiettivi di coesione possano essere resi [&hellip;]<\/p>\n","protected":false},"author":18,"featured_media":130815,"comment_status":"closed","ping_status":"closed","sticky":false,"template":"","format":"standard","meta":{"ub_ctt_via":"","_mi_skip_tracking":false},"categories":[446],"tags":[783],"featured_image_src":"https:\/\/www.messinaoggi.it\/website\/wp-content\/uploads\/2022\/11\/20221122_0200.jpg","author_info":{"display_name":"Admin","author_link":"https:\/\/www.messinaoggi.it\/website\/author\/admin\/"},"digistream_id":0,"digistream":false,"_links":{"self":[{"href":"https:\/\/www.messinaoggi.it\/website\/wp-json\/wp\/v2\/posts\/130814"}],"collection":[{"href":"https:\/\/www.messinaoggi.it\/website\/wp-json\/wp\/v2\/posts"}],"about":[{"href":"https:\/\/www.messinaoggi.it\/website\/wp-json\/wp\/v2\/types\/post"}],"author":[{"embeddable":true,"href":"https:\/\/www.messinaoggi.it\/website\/wp-json\/wp\/v2\/users\/18"}],"replies":[{"embeddable":true,"href":"https:\/\/www.messinaoggi.it\/website\/wp-json\/wp\/v2\/comments?post=130814"}],"version-history":[{"count":0,"href":"https:\/\/www.messinaoggi.it\/website\/wp-json\/wp\/v2\/posts\/130814\/revisions"}],"wp:featuredmedia":[{"embeddable":true,"href":"https:\/\/www.messinaoggi.it\/website\/wp-json\/wp\/v2\/media\/130815"}],"wp:attachment":[{"href":"https:\/\/www.messinaoggi.it\/website\/wp-json\/wp\/v2\/media?parent=130814"}],"wp:term":[{"taxonomy":"category","embeddable":true,"href":"https:\/\/www.messinaoggi.it\/website\/wp-json\/wp\/v2\/categories?post=130814"},{"taxonomy":"post_tag","embeddable":true,"href":"https:\/\/www.messinaoggi.it\/website\/wp-json\/wp\/v2\/tags?post=130814"}],"curies":[{"name":"wp","href":"https:\/\/api.w.org\/{rel}","templated":true}]}}