{"id":130812,"date":"2022-11-22T10:08:00","date_gmt":"2022-11-22T09:08:00","guid":{"rendered":"https:\/\/www.messinaoggi.it\/website\/2022\/11\/22\/mancini-fa-male-non-essere-ai-mondiali-argentina-favorita\/"},"modified":"2022-11-22T10:08:00","modified_gmt":"2022-11-22T09:08:00","slug":"mancini-fa-male-non-essere-ai-mondiali-argentina-favorita","status":"publish","type":"post","link":"https:\/\/www.messinaoggi.it\/website\/2022\/11\/22\/mancini-fa-male-non-essere-ai-mondiali-argentina-favorita\/","title":{"rendered":"Mancini \u201cFa male non essere ai Mondiali, Argentina favorita\u201d"},"content":{"rendered":"<div>ROMA (ITALPRESS) &#8211; &#8220;Sono giorni duri, perch\u00e8 siamo fuori dal Mondiale, ma dobbiamo accettarlo. Fa male, parecchio male. Prevale la delusione, che \u00e8 forte e che non mi abbandona mai. Magari, tra quattro anni, quando il Mondiale ce lo potremo riprendere, questo senso di vuoto passer\u00e0. Per ora \u00e8 cos\u00ec&#8221;. Ha espresso in questo modo, dalle colonne del &#8220;Corriere della Sera&#8221;, il ct dell&#8217;Italia del calcio, Roberto Mancini, i propri sentimenti a proposito della mancata qualificazione degli azzurri ai Mondiali in corso in Qatar. Una &#8220;notizia triste&#8221; per l&#8217;Italia, arrivata poco dopo il successo agli ultimi Campionati Europei.<br \/>&#8220;Dovremo aspettare prima di cancellare questa macchia. Sento la stessa delusione di quando con la Sampdoria ho perso la finale di Champions League: l\u00ec per\u00f2 sapevo che non l&#8217;avrei rigiocata&#8221;, ha raccontato ancora il commissario tecnico dell&#8217;Italia.<br \/>&#8220;Meritavamo di essere in Qatar, in quanto campioni d&#8217;Europa. Allo stesso modo dovrebbe esser certa la partecipazione di chi ha vinto l&#8217;ultima edizione della kermesse: prima era cos\u00ec, adesso non pi\u00f9. Non sempre il calcio prende decisioni giuste&#8221;, ha detto precisato Mancini.<br \/>&#8220;L&#8217;Argentina \u00e8 la squadra favorita. Non solo per Messi. Quando ci hanno battuti mi hanno impressionato. Le europee? Vedo bene la Francia, che, anche senza Benzema, \u00e8 forte. Cos\u00ec come Germania e Belgio; in pi\u00f9 prima o poi l&#8217;Inghilterra riuscir\u00e0 a vincere qualcosa. Guarder\u00f2 qualche partita, non tutte. Le pi\u00f9 interessanti, le pi\u00f9 belle&#8221;, ha spiegato poi il ct azzurro.<br \/>Infine, sul suo futuro: &#8220;Resto sulla panchina dell&#8217;Italia per vincere i Mondiali del 2026&#8221;.<br \/>&#8211; foto LivePhotoSport &#8211;<br \/>(ITALPRESS).<\/div>\n<div id=\"div-gpt-ad-Messinaoggi.it-DSK-300x250-corpoart\" style=\"text-align:center;margin:0 auto;\"><\/div><\/p><div id=\"videoincontent\" style=\"clear:both\";><\/div>","protected":false},"excerpt":{"rendered":"<p>ROMA (ITALPRESS) &#8211; &#8220;Sono giorni duri, perch\u00e8 siamo fuori dal Mondiale, ma dobbiamo accettarlo. Fa male, parecchio male. Prevale la delusione, che \u00e8 forte e che non mi abbandona mai. Magari, tra quattro anni, quando il Mondiale ce lo potremo riprendere, questo senso di vuoto passer\u00e0. Per ora \u00e8 cos\u00ec&#8221;. Ha espresso in questo modo, [&hellip;]<\/p>\n","protected":false},"author":18,"featured_media":130813,"comment_status":"closed","ping_status":"closed","sticky":false,"template":"","format":"standard","meta":{"ub_ctt_via":"","_mi_skip_tracking":false},"categories":[446],"tags":[783],"featured_image_src":"https:\/\/www.messinaoggi.it\/website\/wp-content\/uploads\/2022\/11\/20221122_0170.jpg","author_info":{"display_name":"Admin","author_link":"https:\/\/www.messinaoggi.it\/website\/author\/admin\/"},"digistream_id":0,"digistream":false,"_links":{"self":[{"href":"https:\/\/www.messinaoggi.it\/website\/wp-json\/wp\/v2\/posts\/130812"}],"collection":[{"href":"https:\/\/www.messinaoggi.it\/website\/wp-json\/wp\/v2\/posts"}],"about":[{"href":"https:\/\/www.messinaoggi.it\/website\/wp-json\/wp\/v2\/types\/post"}],"author":[{"embeddable":true,"href":"https:\/\/www.messinaoggi.it\/website\/wp-json\/wp\/v2\/users\/18"}],"replies":[{"embeddable":true,"href":"https:\/\/www.messinaoggi.it\/website\/wp-json\/wp\/v2\/comments?post=130812"}],"version-history":[{"count":0,"href":"https:\/\/www.messinaoggi.it\/website\/wp-json\/wp\/v2\/posts\/130812\/revisions"}],"wp:featuredmedia":[{"embeddable":true,"href":"https:\/\/www.messinaoggi.it\/website\/wp-json\/wp\/v2\/media\/130813"}],"wp:attachment":[{"href":"https:\/\/www.messinaoggi.it\/website\/wp-json\/wp\/v2\/media?parent=130812"}],"wp:term":[{"taxonomy":"category","embeddable":true,"href":"https:\/\/www.messinaoggi.it\/website\/wp-json\/wp\/v2\/categories?post=130812"},{"taxonomy":"post_tag","embeddable":true,"href":"https:\/\/www.messinaoggi.it\/website\/wp-json\/wp\/v2\/tags?post=130812"}],"curies":[{"name":"wp","href":"https:\/\/api.w.org\/{rel}","templated":true}]}}