{"id":130706,"date":"2022-11-21T14:07:51","date_gmt":"2022-11-21T13:07:51","guid":{"rendered":"https:\/\/www.messinaoggi.it\/website\/2022\/11\/21\/autonomia-la-russa-daccordo-se-non-indebolisce-unita-nazionale\/"},"modified":"2022-11-21T16:23:43","modified_gmt":"2022-11-21T15:23:43","slug":"autonomia-la-russa-daccordo-se-non-indebolisce-unita-nazionale","status":"publish","type":"post","link":"https:\/\/www.messinaoggi.it\/website\/2022\/11\/21\/autonomia-la-russa-daccordo-se-non-indebolisce-unita-nazionale\/","title":{"rendered":"Autonomia, La Russa \u201cD\u2019accordo se non indebolisce unit\u00e0 nazionale\u201d"},"content":{"rendered":"<div>MILANO (ITALPRESS) &#8211; &#8220;L&#8217;autonomia ci trova pienamente d&#8217;accordo. Io credo trovi d&#8217;accordo tutti gli italiani se non costituisce un motivo di debolezza per l&#8217;unit\u00e0 nazionale. Quindi bisogna contemperarla per esempio con un&#8217;istituzione che faccia da contrappeso&#8221;. Lo ha detto Ignazio La Russa, presidente del Senato, a margine della presentazione della Fondazione Ospedale Niguarda nell&#8217;aula Magna del nosocomio milanese.<br \/>&#8220;Con il governatore Fontana la nostra regione \u00e8 stata meta di viaggi della speranza da parte cittadini di ogni parte d&#8217;Italia.  Vorremmo che questo presto non servisse pi\u00f9 e che ciascuna realt\u00e0 regionale avesse le capacit\u00e0 che la Lombardia e il sistema sanitario lombardo hanno saputo offrire e donare a tutti gli italiani&#8221;, ha aggiunto.<br \/>(ITALPRESS).<br \/>-foto agenziafotogramma.it-<\/div>\n<div id=\"div-gpt-ad-Messinaoggi.it-DSK-300x250-corpoart\" style=\"text-align:center;margin:0 auto;\"><\/div><\/p><div id=\"videoincontent\" style=\"clear:both\";><\/div>","protected":false},"excerpt":{"rendered":"<p>MILANO (ITALPRESS) &#8211; &#8220;L&#8217;autonomia ci trova pienamente d&#8217;accordo. Io credo trovi d&#8217;accordo tutti gli italiani se non costituisce un motivo di debolezza per l&#8217;unit\u00e0 nazionale. Quindi bisogna contemperarla per esempio con un&#8217;istituzione che faccia da contrappeso&#8221;. Lo ha detto Ignazio La Russa, presidente del Senato, a margine della presentazione della Fondazione Ospedale Niguarda nell&#8217;aula Magna [&hellip;]<\/p>\n","protected":false},"author":18,"featured_media":130707,"comment_status":"closed","ping_status":"closed","sticky":false,"template":"","format":"standard","meta":{"ub_ctt_via":"","_mi_skip_tracking":false},"categories":[446,11],"tags":[783],"featured_image_src":"https:\/\/www.messinaoggi.it\/website\/wp-content\/uploads\/2022\/11\/20221121_0630.jpg","author_info":{"display_name":"Admin","author_link":"https:\/\/www.messinaoggi.it\/website\/author\/admin\/"},"digistream_id":0,"digistream":false,"_links":{"self":[{"href":"https:\/\/www.messinaoggi.it\/website\/wp-json\/wp\/v2\/posts\/130706"}],"collection":[{"href":"https:\/\/www.messinaoggi.it\/website\/wp-json\/wp\/v2\/posts"}],"about":[{"href":"https:\/\/www.messinaoggi.it\/website\/wp-json\/wp\/v2\/types\/post"}],"author":[{"embeddable":true,"href":"https:\/\/www.messinaoggi.it\/website\/wp-json\/wp\/v2\/users\/18"}],"replies":[{"embeddable":true,"href":"https:\/\/www.messinaoggi.it\/website\/wp-json\/wp\/v2\/comments?post=130706"}],"version-history":[{"count":1,"href":"https:\/\/www.messinaoggi.it\/website\/wp-json\/wp\/v2\/posts\/130706\/revisions"}],"predecessor-version":[{"id":130712,"href":"https:\/\/www.messinaoggi.it\/website\/wp-json\/wp\/v2\/posts\/130706\/revisions\/130712"}],"wp:featuredmedia":[{"embeddable":true,"href":"https:\/\/www.messinaoggi.it\/website\/wp-json\/wp\/v2\/media\/130707"}],"wp:attachment":[{"href":"https:\/\/www.messinaoggi.it\/website\/wp-json\/wp\/v2\/media?parent=130706"}],"wp:term":[{"taxonomy":"category","embeddable":true,"href":"https:\/\/www.messinaoggi.it\/website\/wp-json\/wp\/v2\/categories?post=130706"},{"taxonomy":"post_tag","embeddable":true,"href":"https:\/\/www.messinaoggi.it\/website\/wp-json\/wp\/v2\/tags?post=130706"}],"curies":[{"name":"wp","href":"https:\/\/api.w.org\/{rel}","templated":true}]}}