{"id":130665,"date":"2022-11-21T11:17:55","date_gmt":"2022-11-21T10:17:55","guid":{"rendered":"https:\/\/www.messinaoggi.it\/website\/2022\/11\/21\/menfi-e-la-citta-italiana-del-vino-2023\/"},"modified":"2022-11-21T11:17:55","modified_gmt":"2022-11-21T10:17:55","slug":"menfi-e-la-citta-italiana-del-vino-2023","status":"publish","type":"post","link":"https:\/\/www.messinaoggi.it\/website\/2022\/11\/21\/menfi-e-la-citta-italiana-del-vino-2023\/","title":{"rendered":"Menfi \u00e8 la citt\u00e0 italiana del vino 2023"},"content":{"rendered":"<div>\n<p>MENFI (AGRIGENTO) (ITALPRESS) \u2013 E\u2019 Menfi (Agrigento), la Citt\u00e0 Italiana del Vino 2023. Il passaggio di consegne avvenuto a Duino Aurisina (Trieste) durante la Convention dell\u2019Associazione Nazionale dei 470 Comuni vitivinicoli ed enoturistici, alla presenza dei rispettivi sindaci:  Igor Gabrovec per la Citt\u00e0 del Vino del Friuli Venezia Giulia e Marilena Mauceri, sindaco di Menfi, importante territorio vinicolo delle Terre Sicane. Al Pavilion di Portopiccolo di Sistiana si \u00e8 conclusa dunque la Convention d\u2019Autunno dell\u2019Associazione nazionale Citt\u00e0 del Vino. Erano 130 i delegati da tutta Italia stati ospitati a Duino Aurisina-Devin Nabrezina che conclude cos\u00ec il suo anno come Citt\u00e0 Italiana del Vino 2022, vera e propria capitale nazionale per la cultura e coltura del vino. La consegna della bandiera ha testimoniato con il passaggio di testimone con Menfi. I lavori della Convention sono stati anche l\u2019occasione per far conoscere ai delegati luoghi culturali e cantine dell\u2019intero Friuli Venezia Giulia attraverso visite turistiche, da gioved\u00ec 17 a domenica 20 novembre. <div id=\"div-gpt-ad-Messinaoggi.it-DSK-300x250-corpoart\" style=\"text-align:center;margin:0 auto;\"><\/div><\/p>\n<p>\u2013 foto: ufficio stampa Max Rella <div id=\"videoincontent\" style=\"clear:both\";><\/div><\/p>\n<p>(ITALPRESS).<\/p>\n<\/div>\n","protected":false},"excerpt":{"rendered":"<p>MENFI (AGRIGENTO) (ITALPRESS) \u2013 E\u2019 Menfi (Agrigento), la Citt\u00e0 Italiana del Vino 2023. Il passaggio di consegne avvenuto a Duino Aurisina (Trieste) durante la Convention dell\u2019Associazione Nazionale dei 470 Comuni vitivinicoli ed enoturistici, alla presenza dei rispettivi sindaci: Igor Gabrovec per la Citt\u00e0 del Vino del Friuli Venezia Giulia e Marilena Mauceri, sindaco di Menfi, [&hellip;]<\/p>\n","protected":false},"author":18,"featured_media":130666,"comment_status":"closed","ping_status":"closed","sticky":false,"template":"","format":"standard","meta":{"ub_ctt_via":"","_mi_skip_tracking":false},"categories":[2449],"tags":[783],"featured_image_src":"https:\/\/www.messinaoggi.it\/website\/wp-content\/uploads\/2022\/11\/20221121_0304.jpg","author_info":{"display_name":"Admin","author_link":"https:\/\/www.messinaoggi.it\/website\/author\/admin\/"},"digistream_id":0,"digistream":false,"_links":{"self":[{"href":"https:\/\/www.messinaoggi.it\/website\/wp-json\/wp\/v2\/posts\/130665"}],"collection":[{"href":"https:\/\/www.messinaoggi.it\/website\/wp-json\/wp\/v2\/posts"}],"about":[{"href":"https:\/\/www.messinaoggi.it\/website\/wp-json\/wp\/v2\/types\/post"}],"author":[{"embeddable":true,"href":"https:\/\/www.messinaoggi.it\/website\/wp-json\/wp\/v2\/users\/18"}],"replies":[{"embeddable":true,"href":"https:\/\/www.messinaoggi.it\/website\/wp-json\/wp\/v2\/comments?post=130665"}],"version-history":[{"count":0,"href":"https:\/\/www.messinaoggi.it\/website\/wp-json\/wp\/v2\/posts\/130665\/revisions"}],"wp:featuredmedia":[{"embeddable":true,"href":"https:\/\/www.messinaoggi.it\/website\/wp-json\/wp\/v2\/media\/130666"}],"wp:attachment":[{"href":"https:\/\/www.messinaoggi.it\/website\/wp-json\/wp\/v2\/media?parent=130665"}],"wp:term":[{"taxonomy":"category","embeddable":true,"href":"https:\/\/www.messinaoggi.it\/website\/wp-json\/wp\/v2\/categories?post=130665"},{"taxonomy":"post_tag","embeddable":true,"href":"https:\/\/www.messinaoggi.it\/website\/wp-json\/wp\/v2\/tags?post=130665"}],"curies":[{"name":"wp","href":"https:\/\/api.w.org\/{rel}","templated":true}]}}