{"id":130655,"date":"2022-11-21T11:08:18","date_gmt":"2022-11-21T10:08:18","guid":{"rendered":"https:\/\/www.messinaoggi.it\/website\/2022\/11\/21\/manovra-patuelli-per-litalia-rischio-di-esercizio-provvisorio\/"},"modified":"2022-11-21T11:08:18","modified_gmt":"2022-11-21T10:08:18","slug":"manovra-patuelli-per-litalia-rischio-di-esercizio-provvisorio","status":"publish","type":"post","link":"https:\/\/www.messinaoggi.it\/website\/2022\/11\/21\/manovra-patuelli-per-litalia-rischio-di-esercizio-provvisorio\/","title":{"rendered":"Manovra, Patuelli \u201cPer l\u2019Italia rischio di esercizio provvisorio\u201d"},"content":{"rendered":"<div>FIRENZE (ITALPRESS) &#8211; &#8220;Ho un animo molto preoccupato per l&#8217;avvenire prossimo. Le ragioni sono molteplici, basterebbe guardare i dati sulla produzione industriali nelle epoche recenti nell&#8217;area dell&#8217;Euro&#8221;. Lo ha detto il presidente dell&#8217;Abi, Antonio Patuelli, nel corso di un seminario organizzato a Firenze. <br \/>&#8220;Nel terzo trimestre abbiamo avuto un&#8217;esplosione di vari eventi che ci ha portato all&#8217;estate pi\u00f9 brillante non solo per sole ma per dati economici che noi ricordassimo. C&#8217;\u00e8 stata una forte ripresa del turismo, abbiamo avuto un 2021 positivo, definito come un grande rimbalzone o una ripresa un p\u00f2 pi\u00f9 limitata di quella che era stata la recessione. Nel 2022 i fattori economici hanno avuto una prosecuzione, anche se nel primo semestre si sono mostrati gli effetti sempre pi\u00f9 evidenti della crescita del costo dell&#8217;energia e della guerra Russia-Ucraina e dell&#8217;esplosione anche delle materie prime. Su di esse gli imprenditori italiani hanno fatto miracoli ed hanno differenziato i fornitori&#8221;, ha aggiunto. &#8220;Abbiamo non delle previsioni ma dei ragionamenti che ci portano a dire che la chiusura dell&#8217;anno sar\u00e0 meno positiva della fase iniziale e che il 2023 oggi \u00e8 da vedersi in salita&#8221;, ha spiegato Patuelli augurandosi che &#8220;che nella legge di bilancio ci siano tutti i provvedimenti anticiclici che sono necessari. Ho la preoccupazione che l&#8217;Italia finisca, non per responsabilit\u00e0 di qualcuno ma per una somma di fattori, in esercizio provvisorio, e che i mercati possano utilizzare con valutazioni negative l&#8217;esercizio provvisorio&#8221;. Patuelli ha poi spiegato perch\u00e8 veda un rischio di esercizio provvisorio per l&#8217;Italia. &#8220;Oggi siamo a oltre met\u00e0 novembre e c&#8217;\u00e8 un mese di ritardo nel deposito della legge di bilancio, i tempi sono limitati quindi non bisogna sottovalutare il rischio di esercizio provvisorio. Il mio auspicio \u00e8 che ci sia una consapevolezza istituzionale complessiva e che si completi il varo dell&#8217;esercizio di bilancio entro il 31 dicembre&#8221;.<br \/>(ITALPRESS).<br \/>-foto agenziafotogramma.it-<\/div>\n<div id=\"div-gpt-ad-Messinaoggi.it-DSK-300x250-corpoart\" style=\"text-align:center;margin:0 auto;\"><\/div><\/p><div id=\"videoincontent\" style=\"clear:both\";><\/div>","protected":false},"excerpt":{"rendered":"<p>FIRENZE (ITALPRESS) &#8211; &#8220;Ho un animo molto preoccupato per l&#8217;avvenire prossimo. Le ragioni sono molteplici, basterebbe guardare i dati sulla produzione industriali nelle epoche recenti nell&#8217;area dell&#8217;Euro&#8221;. Lo ha detto il presidente dell&#8217;Abi, Antonio Patuelli, nel corso di un seminario organizzato a Firenze. &#8220;Nel terzo trimestre abbiamo avuto un&#8217;esplosione di vari eventi che ci ha [&hellip;]<\/p>\n","protected":false},"author":18,"featured_media":130656,"comment_status":"closed","ping_status":"closed","sticky":false,"template":"","format":"standard","meta":{"ub_ctt_via":"","_mi_skip_tracking":false},"categories":[446],"tags":[783],"featured_image_src":"https:\/\/www.messinaoggi.it\/website\/wp-content\/uploads\/2022\/11\/20221121_0234.jpg","author_info":{"display_name":"Admin","author_link":"https:\/\/www.messinaoggi.it\/website\/author\/admin\/"},"digistream_id":0,"digistream":false,"_links":{"self":[{"href":"https:\/\/www.messinaoggi.it\/website\/wp-json\/wp\/v2\/posts\/130655"}],"collection":[{"href":"https:\/\/www.messinaoggi.it\/website\/wp-json\/wp\/v2\/posts"}],"about":[{"href":"https:\/\/www.messinaoggi.it\/website\/wp-json\/wp\/v2\/types\/post"}],"author":[{"embeddable":true,"href":"https:\/\/www.messinaoggi.it\/website\/wp-json\/wp\/v2\/users\/18"}],"replies":[{"embeddable":true,"href":"https:\/\/www.messinaoggi.it\/website\/wp-json\/wp\/v2\/comments?post=130655"}],"version-history":[{"count":0,"href":"https:\/\/www.messinaoggi.it\/website\/wp-json\/wp\/v2\/posts\/130655\/revisions"}],"wp:featuredmedia":[{"embeddable":true,"href":"https:\/\/www.messinaoggi.it\/website\/wp-json\/wp\/v2\/media\/130656"}],"wp:attachment":[{"href":"https:\/\/www.messinaoggi.it\/website\/wp-json\/wp\/v2\/media?parent=130655"}],"wp:term":[{"taxonomy":"category","embeddable":true,"href":"https:\/\/www.messinaoggi.it\/website\/wp-json\/wp\/v2\/categories?post=130655"},{"taxonomy":"post_tag","embeddable":true,"href":"https:\/\/www.messinaoggi.it\/website\/wp-json\/wp\/v2\/tags?post=130655"}],"curies":[{"name":"wp","href":"https:\/\/api.w.org\/{rel}","templated":true}]}}