{"id":130646,"date":"2022-11-21T10:07:54","date_gmt":"2022-11-21T09:07:54","guid":{"rendered":"https:\/\/www.messinaoggi.it\/website\/2022\/11\/21\/autonomia-calderoli-bacchetta-de-luca-chiedeva-le-stesse-cose\/"},"modified":"2022-11-21T10:48:53","modified_gmt":"2022-11-21T09:48:53","slug":"autonomia-calderoli-bacchetta-de-luca-chiedeva-le-stesse-cose","status":"publish","type":"post","link":"https:\/\/www.messinaoggi.it\/website\/2022\/11\/21\/autonomia-calderoli-bacchetta-de-luca-chiedeva-le-stesse-cose\/","title":{"rendered":"Autonomia, Calderoli bacchetta De Luca \u201cChiedeva le stesse cose\u201d"},"content":{"rendered":"<div>ROMA (ITALPRESS) &#8211; &#8220;Non so se chi parla in questi giorni sia il presidente della Campania Vincenzo De Luca, Maurizio Crozza che fa De Luca, o un terzo De Luca ancora&#8221;. Cos\u00ec, in un&#8217;intervista al Corriere della Sera, il ministro per le Autonomie, Roberto Calderoli, in merito alla presa di posizioine del governatore campano sul progetto di autonomia, spiegando che nel 2019 De Luca firm\u00f2 &#8220;una proposta d&#8217;intesa. E&#8217;, in pratica, la Regione Campania che chiede quelle autonomie che oggi, secondo non so quale dei De Luca, dividerebbero il Paese. De Luca mi attacca frontalmente, cerca di costruire un fronte del Sud contro l&#8217;autonomia e sostiene che io stia cercando di spaccare il Paese perch\u00e8 voglio attuare la Costituzione. Posizione sbagliata ma in s\u00e8 legittima&#8221;. La proposta De Luca chiedeva &#8220;con alcuni distinguo, le competenze pi\u00f9 cruciali. Quelle che oggi fanno quasi gridare all&#8217;attentato alla Costituzione. La sanit\u00e0, per esempio. L&#8217;istruzione&#8221;. <br \/>Quanto ai livelli essenziali delle prestazioni (Lep), Calderoli dice: &#8220;S\u00ec, anche su quello la proposta di De Luca \u00e8 interessante. Dice che lo Stato dovrebbe definire i Lep entro un anno dall&#8217;approvazione. Ma, nel frattempo, il trasferimento delle funzioni \u00e8 gi\u00e0 avvenuto. Nelle more, i trasferimenti si baserebbero sulla &#8216;spesa destinata a carattere permanente, fissa e ricorrent\u00e8. In sostanza, la spesa storica. Oggi dicono che mai e poi mai pu\u00f2 essere usata. Neanche dalle regioni del Nord \u00e8 venuta una proposta cos\u00ec ardita. A De Luca anticipo che noi porteremo una versione moderata rispetto alla sua cos\u00ec estrema&#8221;. Sul perch\u00e8 alcuni governatori hanno cambiato idea, il ministro chiosa: &#8220;Oggi ritengono sia meglio il ruolo di paladini del Sud. Ma il Sud, quando sar\u00e0 adeguatamente informato, mander\u00e0 i Masaniello a quel paese e far\u00e0 i propri interessi. Che sono quelli di tutti&#8221;.<br \/>(ITALPRESS).<br \/>-foto agenziafotogramma.it-<\/div>\n<div id=\"div-gpt-ad-Messinaoggi.it-DSK-300x250-corpoart\" style=\"text-align:center;margin:0 auto;\"><\/div><\/p><div id=\"videoincontent\" style=\"clear:both\";><\/div>","protected":false},"excerpt":{"rendered":"<p>ROMA (ITALPRESS) &#8211; &#8220;Non so se chi parla in questi giorni sia il presidente della Campania Vincenzo De Luca, Maurizio Crozza che fa De Luca, o un terzo De Luca ancora&#8221;. Cos\u00ec, in un&#8217;intervista al Corriere della Sera, il ministro per le Autonomie, Roberto Calderoli, in merito alla presa di posizioine del governatore campano sul [&hellip;]<\/p>\n","protected":false},"author":18,"featured_media":130647,"comment_status":"closed","ping_status":"closed","sticky":false,"template":"","format":"standard","meta":{"ub_ctt_via":"","_mi_skip_tracking":false},"categories":[446,4],"tags":[783],"featured_image_src":"https:\/\/www.messinaoggi.it\/website\/wp-content\/uploads\/2022\/11\/20221121_0146-300x208-1.jpg","author_info":{"display_name":"Admin","author_link":"https:\/\/www.messinaoggi.it\/website\/author\/admin\/"},"digistream_id":0,"digistream":false,"_links":{"self":[{"href":"https:\/\/www.messinaoggi.it\/website\/wp-json\/wp\/v2\/posts\/130646"}],"collection":[{"href":"https:\/\/www.messinaoggi.it\/website\/wp-json\/wp\/v2\/posts"}],"about":[{"href":"https:\/\/www.messinaoggi.it\/website\/wp-json\/wp\/v2\/types\/post"}],"author":[{"embeddable":true,"href":"https:\/\/www.messinaoggi.it\/website\/wp-json\/wp\/v2\/users\/18"}],"replies":[{"embeddable":true,"href":"https:\/\/www.messinaoggi.it\/website\/wp-json\/wp\/v2\/comments?post=130646"}],"version-history":[{"count":1,"href":"https:\/\/www.messinaoggi.it\/website\/wp-json\/wp\/v2\/posts\/130646\/revisions"}],"predecessor-version":[{"id":130648,"href":"https:\/\/www.messinaoggi.it\/website\/wp-json\/wp\/v2\/posts\/130646\/revisions\/130648"}],"wp:featuredmedia":[{"embeddable":true,"href":"https:\/\/www.messinaoggi.it\/website\/wp-json\/wp\/v2\/media\/130647"}],"wp:attachment":[{"href":"https:\/\/www.messinaoggi.it\/website\/wp-json\/wp\/v2\/media?parent=130646"}],"wp:term":[{"taxonomy":"category","embeddable":true,"href":"https:\/\/www.messinaoggi.it\/website\/wp-json\/wp\/v2\/categories?post=130646"},{"taxonomy":"post_tag","embeddable":true,"href":"https:\/\/www.messinaoggi.it\/website\/wp-json\/wp\/v2\/tags?post=130646"}],"curies":[{"name":"wp","href":"https:\/\/api.w.org\/{rel}","templated":true}]}}