{"id":130630,"date":"2022-11-20T23:07:51","date_gmt":"2022-11-20T22:07:51","guid":{"rendered":"https:\/\/www.messinaoggi.it\/website\/2022\/11\/20\/crosetto-reddito-cittadinanza-non-verra-tolto-a-chi-non-puo-lavorare\/"},"modified":"2022-11-20T23:07:51","modified_gmt":"2022-11-20T22:07:51","slug":"crosetto-reddito-cittadinanza-non-verra-tolto-a-chi-non-puo-lavorare","status":"publish","type":"post","link":"https:\/\/www.messinaoggi.it\/website\/2022\/11\/20\/crosetto-reddito-cittadinanza-non-verra-tolto-a-chi-non-puo-lavorare\/","title":{"rendered":"Crosetto \u201cReddito cittadinanza non verr\u00e0 tolto a chi non pu\u00f2 lavorare\u201d"},"content":{"rendered":"<div>ROMA (ITALPRESS) &#8211; &#8220;Il premier \u00e8 stato molto chiaro, dobbiamo fare una manovra in una situazione economica che non dipende da questo governo e ha detto che l&#8217;obiettivo \u00e8 mettere in sicurezza la parte pi\u00f9 debole del Paese e le imprese. Il reddito di cittadinanza per chi non pu\u00f2 lavorare non verr\u00e0 tolto o toccato. A chi pu\u00f2 lavorare e si rifiuta verr\u00e0 tolto cos\u00ec come a chi magari per qualche mese lavorava in Italia e poi tornava nel suo paese. Il reddito di cittadinanza deve tornare a essere un modo per combattere la povert\u00e0 come era&#8221;. Cos\u00ec Guido Crosetto, ministro della Difesa, ospite a &#8216;Zona Bianc\u00e0 su Rete4.<br \/>&#8220;La manovra \u00e8 ancora in divenire, domani approda la prima volta in Consiglio dei ministri. Quella finale \u00e8 quella che sar\u00e0 approvata a fine anno. Si \u00e8 deciso d&#8217;intervenire sulle emergenze pi\u00f9 urgenti del sistema produttivo e delle famiglie pi\u00f9 povere. I margini per intervenire su altro sono esigui, le risorse sono sempre pi\u00f9 scarse, ma governare significa fare delle scelte e noi abbiamo scelto di affrontare emergenza bollette e caro energia di imprese e famiglie&#8221;, ha aggiunto.<br \/>(ITALPRESS).<br \/>-foto Italpress-<\/div>\n<div id=\"div-gpt-ad-Messinaoggi.it-DSK-300x250-corpoart\" style=\"text-align:center;margin:0 auto;\"><\/div><\/p><div id=\"videoincontent\" style=\"clear:both\";><\/div>","protected":false},"excerpt":{"rendered":"<p>ROMA (ITALPRESS) &#8211; &#8220;Il premier \u00e8 stato molto chiaro, dobbiamo fare una manovra in una situazione economica che non dipende da questo governo e ha detto che l&#8217;obiettivo \u00e8 mettere in sicurezza la parte pi\u00f9 debole del Paese e le imprese. Il reddito di cittadinanza per chi non pu\u00f2 lavorare non verr\u00e0 tolto o toccato. [&hellip;]<\/p>\n","protected":false},"author":18,"featured_media":130631,"comment_status":"closed","ping_status":"closed","sticky":false,"template":"","format":"standard","meta":{"ub_ctt_via":"","_mi_skip_tracking":false},"categories":[446],"tags":[783],"featured_image_src":"https:\/\/www.messinaoggi.it\/website\/wp-content\/uploads\/2022\/11\/20221120_1948.jpg","author_info":{"display_name":"Admin","author_link":"https:\/\/www.messinaoggi.it\/website\/author\/admin\/"},"digistream_id":0,"digistream":false,"_links":{"self":[{"href":"https:\/\/www.messinaoggi.it\/website\/wp-json\/wp\/v2\/posts\/130630"}],"collection":[{"href":"https:\/\/www.messinaoggi.it\/website\/wp-json\/wp\/v2\/posts"}],"about":[{"href":"https:\/\/www.messinaoggi.it\/website\/wp-json\/wp\/v2\/types\/post"}],"author":[{"embeddable":true,"href":"https:\/\/www.messinaoggi.it\/website\/wp-json\/wp\/v2\/users\/18"}],"replies":[{"embeddable":true,"href":"https:\/\/www.messinaoggi.it\/website\/wp-json\/wp\/v2\/comments?post=130630"}],"version-history":[{"count":0,"href":"https:\/\/www.messinaoggi.it\/website\/wp-json\/wp\/v2\/posts\/130630\/revisions"}],"wp:featuredmedia":[{"embeddable":true,"href":"https:\/\/www.messinaoggi.it\/website\/wp-json\/wp\/v2\/media\/130631"}],"wp:attachment":[{"href":"https:\/\/www.messinaoggi.it\/website\/wp-json\/wp\/v2\/media?parent=130630"}],"wp:term":[{"taxonomy":"category","embeddable":true,"href":"https:\/\/www.messinaoggi.it\/website\/wp-json\/wp\/v2\/categories?post=130630"},{"taxonomy":"post_tag","embeddable":true,"href":"https:\/\/www.messinaoggi.it\/website\/wp-json\/wp\/v2\/tags?post=130630"}],"curies":[{"name":"wp","href":"https:\/\/api.w.org\/{rel}","templated":true}]}}