{"id":130564,"date":"2022-11-19T17:00:23","date_gmt":"2022-11-19T16:00:23","guid":{"rendered":"http:\/\/www.messinaoggi.it\/website\/?p=130564"},"modified":"2022-11-19T17:31:16","modified_gmt":"2022-11-19T16:31:16","slug":"cutroni-zodda-uil-e-ospedale-part-time","status":"publish","type":"post","link":"https:\/\/www.messinaoggi.it\/website\/2022\/11\/19\/cutroni-zodda-uil-e-ospedale-part-time\/","title":{"rendered":"Cutroni Zodda, Uil: &#8220;\u00e8 ospedale part-time&#8221;"},"content":{"rendered":"\n<p>\u201cAlle tante decine di migliaia cittadini di Barcellona e dei numerosi comuni dell\u2019hinterland \u00e8 vietato ammalarsi o avere un problema sanitario acuto che potrebbe richiedere l\u2019assistenza del pronto soccorso del Cutroni Zodda dalle ore 20,01 alle ore 7.59 di ogni giorno. Nel momento in cui abbiamo appreso che il pronto soccorso dell\u2019ospedale di Barcellona garantir\u00e0 il diritto alla salute in modalit\u00e0 part-time pensavamo di assistere ad una puntata di \u201cScherzi a Parte\u201d. Purtroppo, al di l\u00e0 delle battute, si tratta della sedicente soluzione, a nostro avviso insultante ed indecente, che \u00e8 stata partorita per tentare di placare la giusta ondata di indignazione della popolazione. Rabbia ed irritazione che, ogni giorno di pi\u00f9, stanno giustamente montando nell\u2019opinione pubblica e nei cittadini-utenti gravemente mortificati ed offesi per questa idea bislacca che, come si sul dire, evidenzia come la toppa \u00e8 molto peggiore del buco\u201d lo hanno dichiarato <strong>Ivan Tripodi,<\/strong> segretario generale Uil Messina, <strong>Livio Andronico, <\/strong>segretario generale Uil Fpl Messina, e <strong>Corrado Lamanna,<\/strong> Responsabile Area Medica Uil Fpl.<div id=\"div-gpt-ad-Messinaoggi.it-DSK-300x250-corpoart\" style=\"text-align:center;margin:0 auto;\"><\/div><\/p>\n\n\n\n<p>\u201cLa Uil e la Uil Fpl ribadiscono che l\u2019ospedale di base di Barcellona deve essere assolutamente mantenuto rispettando quanto previsto dalla normativa nazionale (decreto Balduzzi) e regionale vigenti. E\u2019 opportuno ricordare ai tanti smemorati che il decreto dell\u2019Assessorato regionale alla Salute, pubblicato sulla Gazzetta Ufficiale n. 6 del\u20198 febbraio 2019, assegnava all\u2019ospedale di Barcellona n. 110 posti letto, suddivisi tra i reparti di medicina interna, ortopedia e traumatologia, chirurgia generale, astanteria, urologia oncologia, neurologia, geriatria, lungodegenza, malattie infettive, riabilitazione funzionale. Pertanto, non sono ammesse o giustificate scorciatoie che hanno un solo obiettivo: la chiusura del Cutroni Zodda\u201d hanno proseguito i sindacalisti della Uil.<div id=\"videoincontent\" style=\"clear:both\";><\/div><\/p>\n\n\n\n<p>\u201cPer quanto ci riguarda non consentiremo che si consumi questo vero e proprio delitto e ribadiamo la nostra convinta adesione alla manifestazione del prossimo 2 dicembre indetta dal Comitato civico pro-Ospedale. Chiediamo, infine, che la classe politica, al di l\u00e0 di appartenenze ed eventuali ordini di scuderia, si caratterizzi, senza sofismi o inutili e vuote parole di circostanza, per essere parte integrante di una battaglia limpida e trasparente finalizzata a garantire la sopravvivenza del Cutroni Zodda coinvolgendo il nuovo governo regionale siciliano che ha in mano il destino del nosocomio. Ci troviamo in un momento nel quale non \u00e8 pi\u00f9 il tempo di tatticismi poich\u00e9 sul futuro del presidio ospedaliero di Barcellona vi sono soltanto due opzioni: o dalla parte della salvaguardia e del rilancio dell\u2019ospedale di base con un pronto soccorso full-time e con tutti i reparti previsti aperti ed attivi oppure accanto a chi, scientemente, ha colpevolmente deciso la definitiva cancellazione del Cutroni Zodda dalla rete ospedaliera\u201d hanno cos\u00ec concluso.<\/p>\n","protected":false},"excerpt":{"rendered":"<p>\u201cAlle tante decine di migliaia cittadini di Barcellona e dei numerosi comuni dell\u2019hinterland \u00e8 vietato ammalarsi o avere un problema sanitario acuto che potrebbe richiedere l\u2019assistenza del pronto soccorso del Cutroni Zodda dalle ore 20,01 alle ore 7.59 di ogni giorno. Nel momento in cui abbiamo appreso che il pronto soccorso dell\u2019ospedale di Barcellona garantir\u00e0 [&hellip;]<\/p>\n","protected":false},"author":15,"featured_media":5502,"comment_status":"open","ping_status":"open","sticky":false,"template":"","format":"standard","meta":{"ub_ctt_via":"","_mi_skip_tracking":false},"categories":[6],"tags":[3752,32,5505,1338],"featured_image_src":"https:\/\/www.messinaoggi.it\/website\/wp-content\/uploads\/2017\/07\/ospedale-cutroni-zodda-barcellona-2.jpg","author_info":{"display_name":"red.me","author_link":"https:\/\/www.messinaoggi.it\/website\/author\/red-me\/"},"digistream_id":0,"digistream":false,"_links":{"self":[{"href":"https:\/\/www.messinaoggi.it\/website\/wp-json\/wp\/v2\/posts\/130564"}],"collection":[{"href":"https:\/\/www.messinaoggi.it\/website\/wp-json\/wp\/v2\/posts"}],"about":[{"href":"https:\/\/www.messinaoggi.it\/website\/wp-json\/wp\/v2\/types\/post"}],"author":[{"embeddable":true,"href":"https:\/\/www.messinaoggi.it\/website\/wp-json\/wp\/v2\/users\/15"}],"replies":[{"embeddable":true,"href":"https:\/\/www.messinaoggi.it\/website\/wp-json\/wp\/v2\/comments?post=130564"}],"version-history":[{"count":1,"href":"https:\/\/www.messinaoggi.it\/website\/wp-json\/wp\/v2\/posts\/130564\/revisions"}],"predecessor-version":[{"id":130565,"href":"https:\/\/www.messinaoggi.it\/website\/wp-json\/wp\/v2\/posts\/130564\/revisions\/130565"}],"wp:featuredmedia":[{"embeddable":true,"href":"https:\/\/www.messinaoggi.it\/website\/wp-json\/wp\/v2\/media\/5502"}],"wp:attachment":[{"href":"https:\/\/www.messinaoggi.it\/website\/wp-json\/wp\/v2\/media?parent=130564"}],"wp:term":[{"taxonomy":"category","embeddable":true,"href":"https:\/\/www.messinaoggi.it\/website\/wp-json\/wp\/v2\/categories?post=130564"},{"taxonomy":"post_tag","embeddable":true,"href":"https:\/\/www.messinaoggi.it\/website\/wp-json\/wp\/v2\/tags?post=130564"}],"curies":[{"name":"wp","href":"https:\/\/api.w.org\/{rel}","templated":true}]}}