{"id":130516,"date":"2022-11-19T11:56:16","date_gmt":"2022-11-19T10:56:16","guid":{"rendered":"http:\/\/www.messinaoggi.it\/website\/?p=130516"},"modified":"2022-11-19T16:47:08","modified_gmt":"2022-11-19T15:47:08","slug":"approvata-lisola-pedonale-cosa-prevede","status":"publish","type":"post","link":"https:\/\/www.messinaoggi.it\/website\/2022\/11\/19\/approvata-lisola-pedonale-cosa-prevede\/","title":{"rendered":"Approvata l&#8217;isola pedonale, cosa prevede"},"content":{"rendered":"\n<p>Il Consiglio Comunale ha approvato l&#8217;istituzione sperimentale dell&#8217;isola pedonale natalizia sul viale San Martino fino a via Santa Cecilia da giorno 8 dicembre a giorno 8 gennaio, 24 ore su 24.<div id=\"div-gpt-ad-Messinaoggi.it-DSK-300x250-corpoart\" style=\"text-align:center;margin:0 auto;\"><\/div><\/p>\n\n\n\n<p>Sar\u00e0 isola anche per il tratto finale del viale che va fino a via Primo Settembre (la cosiddetta &#8220;Rambla&#8221;) e prosegue fino a piazza Duomo. Questo tratto \u00e8 previsto per\u00f2 soltanto nelle ore serali. La delibera \u00e8 stata votata all&#8217;unanimit\u00e0. Saranno previsti nelle aree pedonali anche alcuni piccoli eventi con la partecipazione di associazioni e artisti.<div id=\"videoincontent\" style=\"clear:both\";><\/div><\/p>\n\n\n\n<p>L&#8217;Assessore e Vicesindaco <strong>Salvatore Mondello<\/strong> ha chiarito inoltre che questo tratto pedonalizzato \u00e8 stato inserito nel nuovo PUMS (Piano Urbano della Mobilit\u00e0 Sostenibile), e ci\u00f2 lo porter\u00e0 ad essere definitivo, in prospettiva anche fino a Villa Dante, con diversi accorgimenti necessari nel tempo (nuova pavimentazione a livello con i marciapiedi, arredi, abbellimenti ed altro).<\/p>\n\n\n\n<p>Il Consiglio ha approvato all&#8217;unanimit\u00e0 anche un ordine del giorno del gruppo di Fratelli d&#8217;Italia a firma di <strong>Dario Carbone,<\/strong> che consentir\u00e0 in quel periodo a tutti i residenti dei vari lotti della ZTL di poter parcheggiare con il loro pass in qualsiasi lotto, senza tenere conto del proprio lotto di appartenenza. <\/p>\n\n\n\n<p>&#8220;Tale soluzione di semplicissima ed immediata applicazione, gi\u00e0 attuata qualche anno fa per merito di Piero Adamo e riproposta da <a href=\"https:\/\/www.facebook.com\/comune.messina.it?__cft__[0]=AZU1bsVmJemFSV-2ZSi7kZ7z1aKVfAOaji52Rm2ZxvETOPrsod8fFA5ReDlcGkWmLWhJfAAiChh757nCNZ2RI9-ZB1hx56Yv5hxwJ-82JwGFnZNvs7q6qhlurTBDxzoPGmzyZFAOuuvzhfq9IvUbJaM_2acettfm6wYXGNGQDvDdAge-0Xo8irafg6rYyLiWI80&amp;__tn__=-]K-R\">Debora Buda &#8211; Vicepresidente della IV Municipalit\u00e0<\/a>, consentir\u00e0 ai tantissimi residenti di non subire sanzioni nel caso in cui non riuscissero a trovare parcheggio nell\u2019area a loro assegnata. Grazie all\u2019Amministrazione che ha compreso ed accolto la mia proposta di buon senso ed all\u2019intera Aula che ha voluto votarla all\u2019unanimit\u00e0&#8221;<\/p>\n\n\n\n<p><a href=\"https:\/\/www.facebook.com\/dariocarbone1991\/posts\/pfbid0Rw6v3haZTXpEQPQhMBoZHvP8qbcAvTrn6mXF3W4RgLz7v9zvXVjgmV1PMKKj99NBl\" data-type=\"URL\" data-id=\"https:\/\/www.facebook.com\/dariocarbone1991\/posts\/pfbid0Rw6v3haZTXpEQPQhMBoZHvP8qbcAvTrn6mXF3W4RgLz7v9zvXVjgmV1PMKKj99NBl\">Ha commentato soddisfatto il consigliere Carbone (qui per approfondire).<\/a> <\/p>\n\n\n\n<p>Sar\u00e0 prevista tra l&#8217;altro una tariffa di 2,50 euro per tutta la giornata (quindi senza limite di orario) per chi parcheggier\u00e1 nei parcheggi Cavallotti, Zaera Sud e San Raineri e avr\u00e0 anche la possibilit\u00e0 di usufruire gratuitamente di un servizio navetta.<\/p>\n\n\n\n<p>Ha detto la sua anche <a href=\"https:\/\/www.facebook.com\/libero.gioveni\/posts\/pfbid02GVrFLuhjy6s7S9ZiaUtJhVAZCzQ99zTnYvRKZCkvc8qR6dRMHvC7GYN3QagcaB5al\" data-type=\"URL\" data-id=\"https:\/\/www.facebook.com\/libero.gioveni\/posts\/pfbid02GVrFLuhjy6s7S9ZiaUtJhVAZCzQ99zTnYvRKZCkvc8qR6dRMHvC7GYN3QagcaB5al\">(si tratta di una sintesi della sua dichiarazione sui social che trovate qui)<\/a> il Consigliere e capogruppo di FdI <strong>Libero Gioveni: <\/strong><\/p>\n\n\n\n<p>&#8220;non vi nascondo che questa visione unitaria in Aula mi ha fatto piacere, perch\u00e9 finora il tema aveva sempre diviso e non unito! Le isole pedonali non possono dividere &#8230; Messina e il commercio hanno bisogno di vita, socializzazione, intrattenimenti &#8230; Abbiamo bisogno di respirare un po&#8217; di aria nuova dopo i brutti periodi trascorsi. deve essere questo un periodo di rilancio e di speranza per tutti! Io ci credo ! Ho accolto con favore anche la conferma da parte dell&#8217;assessore Mondello che questo tratto pedonalizzato, cos\u00ec come da me richiesto pi\u00f9 volte, \u00e8 stato inserito nel nuovo PUMS.&#8221;<\/p>\n\n\n\n<p><strong>di Michele Bruno.<\/strong><\/p>\n","protected":false},"excerpt":{"rendered":"<p>Il Consiglio Comunale ha approvato l&#8217;istituzione sperimentale dell&#8217;isola pedonale natalizia sul viale San Martino fino a via Santa Cecilia da giorno 8 dicembre a giorno 8 gennaio, 24 ore su 24. Sar\u00e0 isola anche per il tratto finale del viale che va fino a via Primo Settembre (la cosiddetta &#8220;Rambla&#8221;) e prosegue fino a piazza [&hellip;]<\/p>\n","protected":false},"author":123457,"featured_media":23236,"comment_status":"open","ping_status":"open","sticky":false,"template":"","format":"standard","meta":{"ub_ctt_via":"","_mi_skip_tracking":false},"categories":[6],"tags":[46,2036,5489,171,1139,2406,5490,5407,79],"featured_image_src":"https:\/\/www.messinaoggi.it\/website\/wp-content\/uploads\/2018\/08\/isola-pedonale-cartello-2017-2-1.jpg","author_info":{"display_name":"Michele Bruno","author_link":"https:\/\/www.messinaoggi.it\/website\/author\/michele-bruno\/"},"digistream_id":0,"digistream":false,"_links":{"self":[{"href":"https:\/\/www.messinaoggi.it\/website\/wp-json\/wp\/v2\/posts\/130516"}],"collection":[{"href":"https:\/\/www.messinaoggi.it\/website\/wp-json\/wp\/v2\/posts"}],"about":[{"href":"https:\/\/www.messinaoggi.it\/website\/wp-json\/wp\/v2\/types\/post"}],"author":[{"embeddable":true,"href":"https:\/\/www.messinaoggi.it\/website\/wp-json\/wp\/v2\/users\/123457"}],"replies":[{"embeddable":true,"href":"https:\/\/www.messinaoggi.it\/website\/wp-json\/wp\/v2\/comments?post=130516"}],"version-history":[{"count":2,"href":"https:\/\/www.messinaoggi.it\/website\/wp-json\/wp\/v2\/posts\/130516\/revisions"}],"predecessor-version":[{"id":130532,"href":"https:\/\/www.messinaoggi.it\/website\/wp-json\/wp\/v2\/posts\/130516\/revisions\/130532"}],"wp:featuredmedia":[{"embeddable":true,"href":"https:\/\/www.messinaoggi.it\/website\/wp-json\/wp\/v2\/media\/23236"}],"wp:attachment":[{"href":"https:\/\/www.messinaoggi.it\/website\/wp-json\/wp\/v2\/media?parent=130516"}],"wp:term":[{"taxonomy":"category","embeddable":true,"href":"https:\/\/www.messinaoggi.it\/website\/wp-json\/wp\/v2\/categories?post=130516"},{"taxonomy":"post_tag","embeddable":true,"href":"https:\/\/www.messinaoggi.it\/website\/wp-json\/wp\/v2\/tags?post=130516"}],"curies":[{"name":"wp","href":"https:\/\/api.w.org\/{rel}","templated":true}]}}