{"id":130495,"date":"2022-11-18T21:10:04","date_gmt":"2022-11-18T20:10:04","guid":{"rendered":"http:\/\/www.messinaoggi.it\/website\/?p=130495"},"modified":"2022-11-19T07:05:39","modified_gmt":"2022-11-19T06:05:39","slug":"mostra-ornitologica-a-catania-presenti-molti-espositori-messinesi","status":"publish","type":"post","link":"https:\/\/www.messinaoggi.it\/website\/2022\/11\/18\/mostra-ornitologica-a-catania-presenti-molti-espositori-messinesi\/","title":{"rendered":"Mostra ornitologica a Catania, presenti molti espositori messinesi"},"content":{"rendered":"\n<p>E&#8217; sempre ricca ed agguerrita la pattuglia di messinesi che prendono parte all&#8217;esposizione ornitologica &#8220;Citt\u00e0 di Catania&#8221;, giunta quest&#8217;anno alla 48esima edizione. Si tratta di un appuntamento imperdibile per gli appassionati di ornitologia e non, che si ritrovano negli spaziosi locali dell&#8217;Auditorium di via Pitr\u00e8, nel rione catanese di Montep\u00f2. In mostra fino a domenica (giorno della premiazione) canarini, pappagalli ed uccelli esotici, allevati e detenuti regolarmente da sempre. &#8220;Allevare e proteggere&#8221;:  questo l&#8217;obiettivo degli organizzatori e della Federazione ornicoltori italiana con quasi cento espositori con 700\/900 esemplari. &#8220;Anche quest&#8217;anno sono tanti gli appassionati messinesi che sono presenti alla rassegna etnea &#8211; afferma Rosario Vasta &#8211; per noi \u00e8 motivo d&#8217;orgoglio perch\u00e9 possiamo scambiarci pareri, opinioni e punti di vista. La qualit\u00e0 dei soggetti provenienti da Messina \u00e8 sempre elevata ed arricchisce la rassegna. Colgo l&#8217;occasione per invitare tutti alla mostra per trascorrere un fine settimana piacevole per bambini ed adulti, che possono ammirare centinaia di uccellini di ogni colore e razza&#8221;.<div id=\"div-gpt-ad-Messinaoggi.it-DSK-300x250-corpoart\" style=\"text-align:center;margin:0 auto;\"><\/div><\/p>\n<div id=\"videoincontent\" style=\"clear:both\";><\/div>","protected":false},"excerpt":{"rendered":"<p>E&#8217; sempre ricca ed agguerrita la pattuglia di messinesi che prendono parte all&#8217;esposizione ornitologica &#8220;Citt\u00e0 di Catania&#8221;, giunta quest&#8217;anno alla 48esima edizione. Si tratta di un appuntamento imperdibile per gli appassionati di ornitologia e non, che si ritrovano negli spaziosi locali dell&#8217;Auditorium di via Pitr\u00e8, nel rione catanese di Montep\u00f2. In mostra fino a domenica [&hellip;]<\/p>\n","protected":false},"author":4,"featured_media":130498,"comment_status":"open","ping_status":"open","sticky":false,"template":"","format":"standard","meta":{"ub_ctt_via":"","_mi_skip_tracking":false},"categories":[5],"tags":[5481,456,3413,5482,3414],"featured_image_src":"https:\/\/www.messinaoggi.it\/website\/wp-content\/uploads\/2022\/11\/IMG-20221110-WA0027.jpg","author_info":{"display_name":"redme","author_link":"https:\/\/www.messinaoggi.it\/website\/author\/redme\/"},"digistream_id":0,"digistream":false,"_links":{"self":[{"href":"https:\/\/www.messinaoggi.it\/website\/wp-json\/wp\/v2\/posts\/130495"}],"collection":[{"href":"https:\/\/www.messinaoggi.it\/website\/wp-json\/wp\/v2\/posts"}],"about":[{"href":"https:\/\/www.messinaoggi.it\/website\/wp-json\/wp\/v2\/types\/post"}],"author":[{"embeddable":true,"href":"https:\/\/www.messinaoggi.it\/website\/wp-json\/wp\/v2\/users\/4"}],"replies":[{"embeddable":true,"href":"https:\/\/www.messinaoggi.it\/website\/wp-json\/wp\/v2\/comments?post=130495"}],"version-history":[{"count":2,"href":"https:\/\/www.messinaoggi.it\/website\/wp-json\/wp\/v2\/posts\/130495\/revisions"}],"predecessor-version":[{"id":130504,"href":"https:\/\/www.messinaoggi.it\/website\/wp-json\/wp\/v2\/posts\/130495\/revisions\/130504"}],"wp:featuredmedia":[{"embeddable":true,"href":"https:\/\/www.messinaoggi.it\/website\/wp-json\/wp\/v2\/media\/130498"}],"wp:attachment":[{"href":"https:\/\/www.messinaoggi.it\/website\/wp-json\/wp\/v2\/media?parent=130495"}],"wp:term":[{"taxonomy":"category","embeddable":true,"href":"https:\/\/www.messinaoggi.it\/website\/wp-json\/wp\/v2\/categories?post=130495"},{"taxonomy":"post_tag","embeddable":true,"href":"https:\/\/www.messinaoggi.it\/website\/wp-json\/wp\/v2\/tags?post=130495"}],"curies":[{"name":"wp","href":"https:\/\/api.w.org\/{rel}","templated":true}]}}