{"id":130371,"date":"2022-11-18T11:37:18","date_gmt":"2022-11-18T10:37:18","guid":{"rendered":"http:\/\/www.messinaoggi.it\/website\/?p=130371"},"modified":"2022-11-18T11:37:19","modified_gmt":"2022-11-18T10:37:19","slug":"citta-metropolitana-ratificata-variazione-al-bilancio-di-previsione-2022-24","status":"publish","type":"post","link":"https:\/\/www.messinaoggi.it\/website\/2022\/11\/18\/citta-metropolitana-ratificata-variazione-al-bilancio-di-previsione-2022-24\/","title":{"rendered":"Citt\u00e0 metropolitana, ratificata variazione al bilancio di previsione 2022\/24"},"content":{"rendered":"\n<p>Si \u00e8 riunita ieri mattina a Palazzo dei Leoni, la Conferenza Metropolitana della Citt\u00e0 Metropolitana di Messina per discutere e deliberare sulla ratifica della variazione di bilancio di previsione 2022\/2024 operata con Decreto Sindacale n. 258 del 27 ottobre 2022.<div id=\"div-gpt-ad-Messinaoggi.it-DSK-300x250-corpoart\" style=\"text-align:center;margin:0 auto;\"><\/div><\/p>\n\n\n\n<p><br>Il Sindaco Metropolitano di Messina, dott. <strong>Federico Basile,<\/strong> ha partecipato da remoto mentre in aula erano presenti la Segretaria Generale avv. <strong>Rossana Carrubba, <\/strong>la Dirigente ad interim della II Direzione &#8220;Affari Finanziari e Tributari&#8221;, dott.ssa <strong>Maria Grazia Nulli, <\/strong>il Presidente dei Revisori dei Conti, dott. <strong>Giuseppe Galati.<\/strong><div id=\"videoincontent\" style=\"clear:both\";><\/div><\/p>\n\n\n\n<p><br>Raggiunto il quorum previsto per la validit\u00e0 della seduta, la riunione \u00e8 stata aperta dalla mozione d\u2019ordine richiedente la non trattazione del punto all\u2019ordine del giorno, presentata dal Sindaco di Castell\u2019Umberto, dott. <strong>Vincenzo Biagio Lionetto Civa, <\/strong>che, dopo votazione, \u00e8 stata<br>bocciata dalla maggioranza dei Sindaci.<\/p>\n\n\n\n<p><br>La dott.ssa Nulli ha relazionato sui contenuti del primo punto all\u2019ordine del giorno spiegando le parti salienti delle variazioni in discussione.<br>Le prime variazioni analizzate riguardano risorse in entrata trasferite dallo Stato e relative alle misure urgenti per il contenimento dei costi dell\u2019energia elettrica e del gas naturale, per un totale di 422.786,00 euro che hanno integrato il capitolo \u201cUtenze\u201d a sostegno delle spese per le forniture a scuole e sedi dell\u2019Ente.<br><\/p>\n\n\n\n<p>Un\u2019altra variazione riguarda la riduzione dei trasferimenti dei contributi regionali, nella misura dell&#8217;1,41%, per cui si \u00e8 stornata la risorsa in entrata di 193.832,88 euro e, contestualmente, si \u00e8 provveduto a stornare tale importo da vari capitoli che presentavano disponibilit\u00e0.<br><\/p>\n\n\n\n<p>Per quanto riguarda il programma di finanziamento assegnato dal Ministero delle Infrastrutture e della Mobilit\u00e0 Sostenibile, si \u00e8 proceduto a disporre l&#8217;adozione del Piano degli Interventi su Assi di comunicazione Area Nebrodi, istituendo una risorsa d\u2019entrata nel rispettivo capitolo di<br>spesa per euro 6.114.000,00.<\/p>\n\n\n\n<p><br>Con due decreti, la Regione Siciliana \u201cAssessorato delle Infrastrutture e della Mobilit\u00e0\u201d ha finanziato due progetti: il primo riguarda l&#8217;intervento denominato &#8220;Progetto per la realizzazione di un muro in cemento armato su fondazioni indirette alla progressiva Km 7+450 circa della<br>strada provinciale 2 di Roccella Valdemone&#8221; per un importo complessivo pari ad euro 765.612,46; il secondo riguarda la &#8220;Ricostruzione del corpo stradale strada provinciale 57 Barrera&#8221; per un importo complessivo pari ad euro 792.536,22. Con decreto dell\u2019Assessorato Regionale della Famiglia, delle Politiche Sociali e del Lavoro della Regione Siciliana \u00e8 stato erogato un finanziamento di euro 515.099.03 per Servizi integrativi,<br>migliorativi ed aggiuntivi in favore degli studenti con disabilit\u00e0 nelle scuole secondarie di secondo grado.<br>Infine, tra le varie richieste dei Dirigenti dell&#8217;Ente, sono state evidenziate due voci che rientrano nell\u2019ambito della variazione del bilancio di previsione: la prima \u00e8 relativa all\u2019adesione alla manifestazione d\u2019interesse per l\u2019acquisto di un immobile, per cui \u00e8 stato impinguato il relativo<br>capitolo di 250.000 euro attraverso lo storno da vari capitoli del personale che presentavano la disponibilit\u00e0; la seconda riguarda l\u2019istituzione di un capitolo relativo alle ritenute fiscali su indennit\u00e0 di esproprio, una partita di giro di 200.000 euro.<br><\/p>\n\n\n\n<p>Al termine di un ampio dibattito che ha visto protagonisti vari Sindaci del territorio, la Conferenza ha approvato il punto in discussione con 43 voti favorevoli su 45 votanti, 2 voti contrari con una rappresentanza del 64,82 % della popolazione metropolitana.<\/p>\n\n\n\n<p><br>Sul secondo punto suppletivo in discussione, riguardante un\u2019ulteriore proposta di variazione del bilancio preventivo 2022\/2024, non \u00e8 stato possibile deliberare per la mancanza del numero<br>legale.<br><\/p>\n","protected":false},"excerpt":{"rendered":"<p>Si \u00e8 riunita ieri mattina a Palazzo dei Leoni, la Conferenza Metropolitana della Citt\u00e0 Metropolitana di Messina per discutere e deliberare sulla ratifica della variazione di bilancio di previsione 2022\/2024 operata con Decreto Sindacale n. 258 del 27 ottobre 2022. Il Sindaco Metropolitano di Messina, dott. Federico Basile, ha partecipato da remoto mentre in aula [&hellip;]<\/p>\n","protected":false},"author":15,"featured_media":130372,"comment_status":"open","ping_status":"open","sticky":false,"template":"","format":"standard","meta":{"ub_ctt_via":"","_mi_skip_tracking":false},"categories":[4],"tags":[4900,4685,2972,4688],"featured_image_src":"https:\/\/www.messinaoggi.it\/website\/wp-content\/uploads\/2022\/11\/Conferenza-metropolitana-da-sin.-Carrubba-Nulli-e-Galati.jpg","author_info":{"display_name":"red.me","author_link":"https:\/\/www.messinaoggi.it\/website\/author\/red-me\/"},"digistream_id":0,"digistream":false,"_links":{"self":[{"href":"https:\/\/www.messinaoggi.it\/website\/wp-json\/wp\/v2\/posts\/130371"}],"collection":[{"href":"https:\/\/www.messinaoggi.it\/website\/wp-json\/wp\/v2\/posts"}],"about":[{"href":"https:\/\/www.messinaoggi.it\/website\/wp-json\/wp\/v2\/types\/post"}],"author":[{"embeddable":true,"href":"https:\/\/www.messinaoggi.it\/website\/wp-json\/wp\/v2\/users\/15"}],"replies":[{"embeddable":true,"href":"https:\/\/www.messinaoggi.it\/website\/wp-json\/wp\/v2\/comments?post=130371"}],"version-history":[{"count":1,"href":"https:\/\/www.messinaoggi.it\/website\/wp-json\/wp\/v2\/posts\/130371\/revisions"}],"predecessor-version":[{"id":130373,"href":"https:\/\/www.messinaoggi.it\/website\/wp-json\/wp\/v2\/posts\/130371\/revisions\/130373"}],"wp:featuredmedia":[{"embeddable":true,"href":"https:\/\/www.messinaoggi.it\/website\/wp-json\/wp\/v2\/media\/130372"}],"wp:attachment":[{"href":"https:\/\/www.messinaoggi.it\/website\/wp-json\/wp\/v2\/media?parent=130371"}],"wp:term":[{"taxonomy":"category","embeddable":true,"href":"https:\/\/www.messinaoggi.it\/website\/wp-json\/wp\/v2\/categories?post=130371"},{"taxonomy":"post_tag","embeddable":true,"href":"https:\/\/www.messinaoggi.it\/website\/wp-json\/wp\/v2\/tags?post=130371"}],"curies":[{"name":"wp","href":"https:\/\/api.w.org\/{rel}","templated":true}]}}