{"id":130367,"date":"2022-11-18T11:25:58","date_gmt":"2022-11-18T10:25:58","guid":{"rendered":"http:\/\/www.messinaoggi.it\/website\/?p=130367"},"modified":"2022-11-18T11:25:59","modified_gmt":"2022-11-18T10:25:59","slug":"citta-metropolitana-presentata-lagenda-messina-2030","status":"publish","type":"post","link":"https:\/\/www.messinaoggi.it\/website\/2022\/11\/18\/citta-metropolitana-presentata-lagenda-messina-2030\/","title":{"rendered":"Citt\u00e0 Metropolitana, presentata l&#8217;Agenda Messina 2030"},"content":{"rendered":"\n<p>L\u2019Agenda per lo sviluppo sostenibile 2030 nasce dalla consapevolezza di molti Governi mondiali della gravit\u00e0 della crisi ecologica che riguarda tutto il pianeta e dal riconoscimento della necessit\u00e0 di adottare<br>strategie economiche sostenibili e rispettose dell\u2019ambiente.<div id=\"div-gpt-ad-Messinaoggi.it-DSK-300x250-corpoart\" style=\"text-align:center;margin:0 auto;\"><\/div><\/p>\n\n\n\n<p><br>Si tratta di un programma sottoscritto da 193 Paesi membri della Organizzazione delle Nazioni Unite, costituita da 17 obiettivi inquadrati in un programma d\u2019azione con 169 traguardi (target) che si ripropongono, entro il 2030 e nei tre ambiti dello sviluppo sostenibile -Economico, sociale ed ecologico \u2013 di porre fine alle povert\u00e0, diminuire le diseguaglianze, affrontare i cambiamenti climatici, costituire societ\u00e0 pi\u00f9 giuste e di coinvolgere in questo ambizioso progetto le varie componenti della societ\u00e0, le imprese private, il settore pubblico, la societ\u00e0 civile, gli operatori dell\u2019informazione e della cultura.<div id=\"videoincontent\" style=\"clear:both\";><\/div><\/p>\n\n\n\n<p><br>I lavori della giornata odierna sono stati aperti dal Sindaco Metropolitano <strong>Federico Basile<\/strong> che, dopo avere portato i saluti della Citt\u00e0 Metropolitana ai presenti e ringraziato le Istituzioni coinvolte nel progetto, ha sottolineato come si stia lentamente acquisendo &#8220;una maggiore consapevolezza delle problematiche ambientali, anche in ambito urbano, con comportamenti mediamente pi\u00f9 responsabili, e come il concetto di Smart cities vada inteso non solo come tecnologia applicata alla parte amministrativa ma anche e soprattutto come modo diverso di fruizione dei servizi, con un atteggiamento di maggiore consapevolezza nell\u2019approcciarsi ai problemi dell\u2019ambiente urbanizzato dai rifiuti, all\u2019acqua, alla viabilit\u00e0, e del territorio nel suo complesso. <\/p>\n\n\n\n<p>Occasioni di dibattito, come questa, servono a dialogare, a confrontarsi e a trovare idee che rendano competitivi, ma anche e soprattutto, a individuare i sistemi per consentire ai nostri concittadini di fruire di servizi migliori&#8221;.<\/p>\n\n\n\n<p><br>Sono quindi intervenuti <strong>Mara Cossu,<\/strong> per il Ministero dell&#8217;Ambiente e della Sicurezza Energetica, <strong>Cinzia Davoli<\/strong> per la Citt\u00e0 Metropolitana di Milano,<br><strong>Roberto Siracusano,<\/strong> per la Citt\u00e0 Metropolitana di Messina, V Direzione Ambiente e Pianificazione, <strong>Salvo Puccio,<\/strong> esperto del Sindaco Metropolitano per il PNRR,  <strong>Nunziacarla Span\u00f2, <\/strong>Universit\u00e0 di Messina,<br><strong>Giuseppe Tito Aronica, <\/strong>Universit\u00e0 di Messina,<br><strong>Massimo Villari,<\/strong> Universit\u00e0 di Messina,<br><strong>Sabrina Natale, <\/strong>Universit\u00e0 di Messina, <strong>Roberta Salomone,<\/strong> Universit\u00e0 di Messina, <strong>Lucio Rubini<\/strong> TPS Pro, <strong>Marco Giacoponello,<\/strong> MG Comunications.<\/p>\n\n\n\n<figure class=\"wp-block-image size-large\"><img loading=\"lazy\" width=\"1024\" height=\"539\" src=\"http:\/\/www.messinaoggi.it\/website\/wp-content\/uploads\/2022\/11\/AGENDA-2-1024x539.jpg\" alt=\"\" class=\"wp-image-130369\" srcset=\"https:\/\/www.messinaoggi.it\/website\/wp-content\/uploads\/2022\/11\/AGENDA-2-1024x539.jpg 1024w, https:\/\/www.messinaoggi.it\/website\/wp-content\/uploads\/2022\/11\/AGENDA-2-300x158.jpg 300w, https:\/\/www.messinaoggi.it\/website\/wp-content\/uploads\/2022\/11\/AGENDA-2-768x405.jpg 768w, https:\/\/www.messinaoggi.it\/website\/wp-content\/uploads\/2022\/11\/AGENDA-2-1536x809.jpg 1536w, https:\/\/www.messinaoggi.it\/website\/wp-content\/uploads\/2022\/11\/AGENDA-2-2048x1079.jpg 2048w\" sizes=\"(max-width: 1024px) 100vw, 1024px\" \/><\/figure>\n\n\n\n<p><br>I relatori hanno delineato gli aspetti tecnici e programmatici che hanno portato alla definizione dell\u2019Agenda della Citt\u00e0 Metropolitana di Messina.<\/p>\n\n\n\n<p><br>Nell&#8217;Agenda sono stati inseriti 5 obiettivi strategici:<\/p>\n\n\n\n<p><br>1- Mobilit\u00e0 Sostenibile e Smart Cities;<br>2 \u2013 Economia Circolare;<br>3 \u2013 Ecosistemi e Biodiversit\u00e0;<br>4 \u2013 Sport e Turismo Sostenibile nelle Aree Protette;<br>5 \u2013 Adattamento ai cambiamenti climatici e riduzione del rischio.<\/p>\n\n\n\n<p>Gli obiettivi individuati possono essere sintetizzati nei due progetti pilota:<br>rigenerazione del compendio edilizio \u201cCitt\u00e0 del ragazzo\u201d in un progetto chiamato \u201cdopo di noi\u201d finanziato nell\u2019ambito del PNRR con 54 milioni di euro e che potr\u00e0 essere riferimento non solo per il territorio metropolitano di Messina, ma per tutta la Sicilia orientale. Il progetto prevede la riqualificazione di tutta l\u2019area del quartiere Gravitelli di Messina: viabilit\u00e0, trasporti, comunicazione. Tutto questo grazie anche ad un<br>monitoraggio fornito dall\u2019Agenda e ai criteri ambientali suggeriti dall\u2019Universit\u00e0 e dal Ministero;<\/p>\n\n\n\n<p><br>riqualificazione dell\u2019area di Capo Peloro, definita la pi\u00f9 bella spiaggia d\u2019Europa che si trova all\u2019interno di un\u2019area ambientale protetta, un\u2019area umida all\u2019interno di un territorio fortemente urbanizzato, processo gi\u00e0<br>avviato con la demolizione e messa in sicurezza a carico della Citt\u00e0 metropolitana dell\u2019area ex Sea-flight, si sta anche pensando ad un riutilizzo e una riqualificazione del pilone, alla riqualificazione dei percorsi<br>pedonali e a coniugare le attivit\u00e0 produttive con l\u2019ambiente.<\/p>\n\n\n\n<p><br><\/p>\n","protected":false},"excerpt":{"rendered":"<p>L\u2019Agenda per lo sviluppo sostenibile 2030 nasce dalla consapevolezza di molti Governi mondiali della gravit\u00e0 della crisi ecologica che riguarda tutto il pianeta e dal riconoscimento della necessit\u00e0 di adottarestrategie economiche sostenibili e rispettose dell\u2019ambiente. Si tratta di un programma sottoscritto da 193 Paesi membri della Organizzazione delle Nazioni Unite, costituita da 17 obiettivi inquadrati [&hellip;]<\/p>\n","protected":false},"author":15,"featured_media":130368,"comment_status":"open","ping_status":"open","sticky":false,"template":"","format":"standard","meta":{"ub_ctt_via":"","_mi_skip_tracking":false},"categories":[4],"tags":[5467,44,5470,1587,3759,4685,2972,5471,5468,1438,5469],"featured_image_src":"https:\/\/www.messinaoggi.it\/website\/wp-content\/uploads\/2022\/11\/AGENDA-1-scaled.jpg","author_info":{"display_name":"red.me","author_link":"https:\/\/www.messinaoggi.it\/website\/author\/red-me\/"},"digistream_id":0,"digistream":false,"_links":{"self":[{"href":"https:\/\/www.messinaoggi.it\/website\/wp-json\/wp\/v2\/posts\/130367"}],"collection":[{"href":"https:\/\/www.messinaoggi.it\/website\/wp-json\/wp\/v2\/posts"}],"about":[{"href":"https:\/\/www.messinaoggi.it\/website\/wp-json\/wp\/v2\/types\/post"}],"author":[{"embeddable":true,"href":"https:\/\/www.messinaoggi.it\/website\/wp-json\/wp\/v2\/users\/15"}],"replies":[{"embeddable":true,"href":"https:\/\/www.messinaoggi.it\/website\/wp-json\/wp\/v2\/comments?post=130367"}],"version-history":[{"count":1,"href":"https:\/\/www.messinaoggi.it\/website\/wp-json\/wp\/v2\/posts\/130367\/revisions"}],"predecessor-version":[{"id":130370,"href":"https:\/\/www.messinaoggi.it\/website\/wp-json\/wp\/v2\/posts\/130367\/revisions\/130370"}],"wp:featuredmedia":[{"embeddable":true,"href":"https:\/\/www.messinaoggi.it\/website\/wp-json\/wp\/v2\/media\/130368"}],"wp:attachment":[{"href":"https:\/\/www.messinaoggi.it\/website\/wp-json\/wp\/v2\/media?parent=130367"}],"wp:term":[{"taxonomy":"category","embeddable":true,"href":"https:\/\/www.messinaoggi.it\/website\/wp-json\/wp\/v2\/categories?post=130367"},{"taxonomy":"post_tag","embeddable":true,"href":"https:\/\/www.messinaoggi.it\/website\/wp-json\/wp\/v2\/tags?post=130367"}],"curies":[{"name":"wp","href":"https:\/\/api.w.org\/{rel}","templated":true}]}}