{"id":130362,"date":"2022-11-18T10:54:19","date_gmt":"2022-11-18T09:54:19","guid":{"rendered":"http:\/\/www.messinaoggi.it\/website\/?p=130362"},"modified":"2022-11-18T10:54:20","modified_gmt":"2022-11-18T09:54:20","slug":"messina-niente-acqua-tra-il-25-e-il-27","status":"publish","type":"post","link":"https:\/\/www.messinaoggi.it\/website\/2022\/11\/18\/messina-niente-acqua-tra-il-25-e-il-27\/","title":{"rendered":"Messina, niente acqua tra il 25 e il 27"},"content":{"rendered":"\n<p>Tra il 25 e il 27 novembre verr\u00e0 sospesa l&#8217;erogazione idrica in alcune zone della citt\u00e0. A renderlo noto \u00e8 la Prefettura, spiegando che il disservizio si rende necessario per realizzare dei lavori urgenti su una condotta di grosse dimensioni.<div id=\"div-gpt-ad-Messinaoggi.it-DSK-300x250-corpoart\" style=\"text-align:center;margin:0 auto;\"><\/div><\/p>\n\n\n\n<p>Per fare meglio il punto della situazione, pomeriggio si terr\u00e0 un tavolo tecnico a cui parteciper\u00e0, tra gli altri, il sindaco Federico Basile.<div id=\"videoincontent\" style=\"clear:both\";><\/div><\/p>\n","protected":false},"excerpt":{"rendered":"<p>Tra il 25 e il 27 novembre verr\u00e0 sospesa l&#8217;erogazione idrica in alcune zone della citt\u00e0. A renderlo noto \u00e8 la Prefettura, spiegando che il disservizio si rende necessario per realizzare dei lavori urgenti su una condotta di grosse dimensioni. Per fare meglio il punto della situazione, pomeriggio si terr\u00e0 un tavolo tecnico a cui [&hellip;]<\/p>\n","protected":false},"author":8,"featured_media":128184,"comment_status":"open","ping_status":"open","sticky":false,"template":"","format":"standard","meta":{"ub_ctt_via":"","_mi_skip_tracking":false},"categories":[6],"tags":[95,1080,685,5462],"featured_image_src":"https:\/\/www.messinaoggi.it\/website\/wp-content\/uploads\/2022\/11\/unnamed.jpg","author_info":{"display_name":"red..me","author_link":"https:\/\/www.messinaoggi.it\/website\/author\/redstage\/"},"digistream_id":0,"digistream":false,"_links":{"self":[{"href":"https:\/\/www.messinaoggi.it\/website\/wp-json\/wp\/v2\/posts\/130362"}],"collection":[{"href":"https:\/\/www.messinaoggi.it\/website\/wp-json\/wp\/v2\/posts"}],"about":[{"href":"https:\/\/www.messinaoggi.it\/website\/wp-json\/wp\/v2\/types\/post"}],"author":[{"embeddable":true,"href":"https:\/\/www.messinaoggi.it\/website\/wp-json\/wp\/v2\/users\/8"}],"replies":[{"embeddable":true,"href":"https:\/\/www.messinaoggi.it\/website\/wp-json\/wp\/v2\/comments?post=130362"}],"version-history":[{"count":1,"href":"https:\/\/www.messinaoggi.it\/website\/wp-json\/wp\/v2\/posts\/130362\/revisions"}],"predecessor-version":[{"id":130364,"href":"https:\/\/www.messinaoggi.it\/website\/wp-json\/wp\/v2\/posts\/130362\/revisions\/130364"}],"wp:featuredmedia":[{"embeddable":true,"href":"https:\/\/www.messinaoggi.it\/website\/wp-json\/wp\/v2\/media\/128184"}],"wp:attachment":[{"href":"https:\/\/www.messinaoggi.it\/website\/wp-json\/wp\/v2\/media?parent=130362"}],"wp:term":[{"taxonomy":"category","embeddable":true,"href":"https:\/\/www.messinaoggi.it\/website\/wp-json\/wp\/v2\/categories?post=130362"},{"taxonomy":"post_tag","embeddable":true,"href":"https:\/\/www.messinaoggi.it\/website\/wp-json\/wp\/v2\/tags?post=130362"}],"curies":[{"name":"wp","href":"https:\/\/api.w.org\/{rel}","templated":true}]}}