{"id":130325,"date":"2022-11-18T07:50:17","date_gmt":"2022-11-18T06:50:17","guid":{"rendered":"http:\/\/www.messinaoggi.it\/website\/?p=130325"},"modified":"2022-11-17T22:04:08","modified_gmt":"2022-11-17T21:04:08","slug":"germana-quello-sullo-stretto-sara-il-ponte-che-colleghera-berlino-a-palermo","status":"publish","type":"post","link":"https:\/\/www.messinaoggi.it\/website\/2022\/11\/18\/germana-quello-sullo-stretto-sara-il-ponte-che-colleghera-berlino-a-palermo\/","title":{"rendered":"German\u00e0: &#8220;Quello sullo Stretto sar\u00e0 il Ponte che collegher\u00e0 Berlino a Palermo&#8221;"},"content":{"rendered":"\n<p>Il ministro dei Trasporti Matteo Salvini ha annunciato che il Ponte sullo Stretto verr\u00e0 inserito nella manovra di bilancio che luned\u00ec andr\u00e0 in Consiglio dei Ministri.<div id=\"div-gpt-ad-Messinaoggi.it-DSK-300x250-corpoart\" style=\"text-align:center;margin:0 auto;\"><\/div><\/p>\n\n\n\n<p>&#8220;Una risposta a chi pensava che quelli della Lega erano solo slogan elettorali. Vogliamo far partire i lavori del Ponte sullo Stretto e vogliamo farlo il pi\u00f9 presto possibile perch\u00e9 rappresenta un&#8217;opera fondamentale non solo per la Sicilia e la Calabria ma per tutta Europa&#8221;, ha dichiarato al riguardo il senatore Nino German\u00e0, vice capogruppo della Lega e segretario della commissione Ambiente e Lavori Pubblici a Palazzo Madama.<div id=\"videoincontent\" style=\"clear:both\";><\/div><\/p>\n\n\n\n<p>&#8220;Non sar\u00e0 il Ponte che collegher\u00e0 Messina a Reggio Calabria ma il Ponte che collegher\u00e0 Berlino e Trapani. &#8211; prosegue German\u00e0 &#8211; Noi ci siamo e siamo pronti a passare dalle parole ai fatti&#8221;. <\/p>\n","protected":false},"excerpt":{"rendered":"<p>Il ministro dei Trasporti Matteo Salvini ha annunciato che il Ponte sullo Stretto verr\u00e0 inserito nella manovra di bilancio che luned\u00ec andr\u00e0 in Consiglio dei Ministri. &#8220;Una risposta a chi pensava che quelli della Lega erano solo slogan elettorali. Vogliamo far partire i lavori del Ponte sullo Stretto e vogliamo farlo il pi\u00f9 presto possibile [&hellip;]<\/p>\n","protected":false},"author":8,"featured_media":55126,"comment_status":"open","ping_status":"open","sticky":false,"template":"","format":"standard","meta":{"ub_ctt_via":"","_mi_skip_tracking":false},"categories":[4],"tags":[1035,602,1082,630],"featured_image_src":"https:\/\/www.messinaoggi.it\/website\/wp-content\/uploads\/2021\/03\/61pl948mvyl7ng1b7e52kao3.jpg","author_info":{"display_name":"red..me","author_link":"https:\/\/www.messinaoggi.it\/website\/author\/redstage\/"},"digistream_id":0,"digistream":false,"_links":{"self":[{"href":"https:\/\/www.messinaoggi.it\/website\/wp-json\/wp\/v2\/posts\/130325"}],"collection":[{"href":"https:\/\/www.messinaoggi.it\/website\/wp-json\/wp\/v2\/posts"}],"about":[{"href":"https:\/\/www.messinaoggi.it\/website\/wp-json\/wp\/v2\/types\/post"}],"author":[{"embeddable":true,"href":"https:\/\/www.messinaoggi.it\/website\/wp-json\/wp\/v2\/users\/8"}],"replies":[{"embeddable":true,"href":"https:\/\/www.messinaoggi.it\/website\/wp-json\/wp\/v2\/comments?post=130325"}],"version-history":[{"count":1,"href":"https:\/\/www.messinaoggi.it\/website\/wp-json\/wp\/v2\/posts\/130325\/revisions"}],"predecessor-version":[{"id":130326,"href":"https:\/\/www.messinaoggi.it\/website\/wp-json\/wp\/v2\/posts\/130325\/revisions\/130326"}],"wp:featuredmedia":[{"embeddable":true,"href":"https:\/\/www.messinaoggi.it\/website\/wp-json\/wp\/v2\/media\/55126"}],"wp:attachment":[{"href":"https:\/\/www.messinaoggi.it\/website\/wp-json\/wp\/v2\/media?parent=130325"}],"wp:term":[{"taxonomy":"category","embeddable":true,"href":"https:\/\/www.messinaoggi.it\/website\/wp-json\/wp\/v2\/categories?post=130325"},{"taxonomy":"post_tag","embeddable":true,"href":"https:\/\/www.messinaoggi.it\/website\/wp-json\/wp\/v2\/tags?post=130325"}],"curies":[{"name":"wp","href":"https:\/\/api.w.org\/{rel}","templated":true}]}}