{"id":130319,"date":"2022-11-17T20:07:50","date_gmt":"2022-11-17T19:07:50","guid":{"rendered":"https:\/\/www.messinaoggi.it\/website\/2022\/11\/17\/autonomia-calderoli-nessuna-chiusura-da-regioni-nel-primo-confronto\/"},"modified":"2022-11-17T21:36:52","modified_gmt":"2022-11-17T20:36:52","slug":"autonomia-calderoli-nessuna-chiusura-da-regioni-nel-primo-confronto","status":"publish","type":"post","link":"https:\/\/www.messinaoggi.it\/website\/2022\/11\/17\/autonomia-calderoli-nessuna-chiusura-da-regioni-nel-primo-confronto\/","title":{"rendered":"Autonomia, Calderoli \u201cNessuna chiusura da Regioni nel primo confronto\u201d"},"content":{"rendered":"<div>ROMA (ITALPRESS) &#8211; &#8220;Come avevo gi\u00e0 sottolineato ieri, il testo su cui oggi ci siamo confrontati in Conferenza delle Regioni era una bozza di lavoro, una bozza aperta a ogni contributo per poter avviare una discussione che gi\u00e0 da questa prima seduta si \u00e8 svolta in maniera costruttiva. Alla vigilia avevo paventato il timore che potesse esserci uno scontro, con alcuni governatori, e invece con tutti si \u00e8 trattato di un confronto costruttivo&#8221;. Lo afferma in una nota il ministro degli Affari Regionali e delle Autonomie, Roberto Calderoli.<br \/>&#8220;Ci sono ancora sei Regioni che devono intervenire e che non hanno ancora potuto farlo, non per mia indisponibilit\u00e0 ma per le scadenze temporali fissate dalla Conferenza, e che abbiamo rinviato ad una prossima conferenza, per cui aspetto anche di sentire loro &#8211; prosegue -. A proposito mi auguro che ai prossimi incontri tutti i presidenti di Regione vengano in presenza e non si facciano rappresentare da altri, perch\u00e8 dal confronto diretto emergono sfumature che non si colgono attraverso relata refero&#8230; <br \/>Ma intanto sono soddisfatto perch\u00e8 in questa prima seduta abbiamo condiviso alcuni principi, che mi dovranno essere riformulati in forma scritta alla fine di questo primo giro di tavolo, da cui \u00e8 emerso per\u00f2 che nessuna Regione \u00e8 contraria all&#8217;autonomia differenziata e che nessuno prevede che possano esserci Regioni che possano sentirsi svantaggiate rispetto ad altre&#8221;.<br \/>&#8220;Su questo come ministro sono stato chiaro con i presidenti delle Regioni del Sud, che hanno manifestato i loro timori, ribadendo loro la garanzia che nessuno potr\u00e0 avere un peggioramento della sua condizione attuale dall&#8217;applicazione di questa riforma: per le Regioni che decideranno di non intraprendere il percorso per l&#8217;autonomia differenziata non cambier\u00e0 nulla &#8211; spiega il ministro -. Ma il punto \u00e8 proprio questo: voglio illustrare alle Regioni del Sud i vantaggi, nel rispetto delle loro specificit\u00e0 territoriali, che potrebbero avere per i loro cittadini attraverso l&#8217;autonomia differenziata, voglio provare a convincerli di questa opportunit\u00e0, anche facendo studiare i numeri e le risorse ad una fondazione. Poi ogni Regione sar\u00e0 libera di accettare o rifiutare, ma voglio che tutte le Regioni comprendano quali vantaggi potrebbero avere dall&#8217;autonomia differenziata e soprattutto che non abbiano dubbi sul fatto che nulla cambier\u00e0 per chi non chieder\u00e0 maggiori forme di autonomia&#8221;.<div id=\"div-gpt-ad-Messinaoggi.it-DSK-300x250-corpoart\" style=\"text-align:center;margin:0 auto;\"><\/div><\/p>\n<p>&#8211; foto Agenziafotogramma.it &#8211;<div id=\"videoincontent\" style=\"clear:both\";><\/div><\/p>\n<p>(ITALPRESS).<\/p><\/div>\n","protected":false},"excerpt":{"rendered":"<p>ROMA (ITALPRESS) &#8211; &#8220;Come avevo gi\u00e0 sottolineato ieri, il testo su cui oggi ci siamo confrontati in Conferenza delle Regioni era una bozza di lavoro, una bozza aperta a ogni contributo per poter avviare una discussione che gi\u00e0 da questa prima seduta si \u00e8 svolta in maniera costruttiva. Alla vigilia avevo paventato il timore che [&hellip;]<\/p>\n","protected":false},"author":18,"featured_media":130320,"comment_status":"closed","ping_status":"closed","sticky":false,"template":"","format":"standard","meta":{"ub_ctt_via":"","_mi_skip_tracking":false},"categories":[446,11],"tags":[783],"featured_image_src":"https:\/\/www.messinaoggi.it\/website\/wp-content\/uploads\/2022\/11\/20221117_2190.jpg","author_info":{"display_name":"Admin","author_link":"https:\/\/www.messinaoggi.it\/website\/author\/admin\/"},"digistream_id":0,"digistream":false,"_links":{"self":[{"href":"https:\/\/www.messinaoggi.it\/website\/wp-json\/wp\/v2\/posts\/130319"}],"collection":[{"href":"https:\/\/www.messinaoggi.it\/website\/wp-json\/wp\/v2\/posts"}],"about":[{"href":"https:\/\/www.messinaoggi.it\/website\/wp-json\/wp\/v2\/types\/post"}],"author":[{"embeddable":true,"href":"https:\/\/www.messinaoggi.it\/website\/wp-json\/wp\/v2\/users\/18"}],"replies":[{"embeddable":true,"href":"https:\/\/www.messinaoggi.it\/website\/wp-json\/wp\/v2\/comments?post=130319"}],"version-history":[{"count":1,"href":"https:\/\/www.messinaoggi.it\/website\/wp-json\/wp\/v2\/posts\/130319\/revisions"}],"predecessor-version":[{"id":130322,"href":"https:\/\/www.messinaoggi.it\/website\/wp-json\/wp\/v2\/posts\/130319\/revisions\/130322"}],"wp:featuredmedia":[{"embeddable":true,"href":"https:\/\/www.messinaoggi.it\/website\/wp-json\/wp\/v2\/media\/130320"}],"wp:attachment":[{"href":"https:\/\/www.messinaoggi.it\/website\/wp-json\/wp\/v2\/media?parent=130319"}],"wp:term":[{"taxonomy":"category","embeddable":true,"href":"https:\/\/www.messinaoggi.it\/website\/wp-json\/wp\/v2\/categories?post=130319"},{"taxonomy":"post_tag","embeddable":true,"href":"https:\/\/www.messinaoggi.it\/website\/wp-json\/wp\/v2\/tags?post=130319"}],"curies":[{"name":"wp","href":"https:\/\/api.w.org\/{rel}","templated":true}]}}