{"id":130269,"date":"2022-11-17T17:32:51","date_gmt":"2022-11-17T16:32:51","guid":{"rendered":"https:\/\/www.messinaoggi.it\/website\/2022\/11\/17\/progetto-tra-aeronautica-e-universita-a-palermo-restaurati-22-motori-storici\/"},"modified":"2022-11-17T17:33:58","modified_gmt":"2022-11-17T16:33:58","slug":"progetto-tra-aeronautica-e-universita-a-palermo-restaurati-22-motori-storici","status":"publish","type":"post","link":"https:\/\/www.messinaoggi.it\/website\/2022\/11\/17\/progetto-tra-aeronautica-e-universita-a-palermo-restaurati-22-motori-storici\/","title":{"rendered":"Progetto tra Aeronautica e Universit\u00e0, a Palermo restaurati 22 motori storici"},"content":{"rendered":"<div>\n<p>PALERMO (ITALPRESS) \u2013 Sono stati presentati, al Museo Storico dei Motori e dei Meccanismi del Sistema Museale dell\u2019Universit\u00e0 di Palermo, 22 motori storici aeronautici completamente restaurati in vista del Centenario dell\u2019Aeronautica Militare del 2023, sulla base di un accordo di collaborazione tra le due istituzioni.<br \/>All\u2019evento di presentazione hanno preso parte il Capo di Stato Maggiore dell\u2019Aeronautica, Generale di Squadra Aerea, Luca Goretti, ed il Rettore dell\u2019Universit\u00e0 di Palermo, Massimo Midiri.<br \/>\u201cIl Centenario dell\u2019Aeronautica Militare, che ci stiamo preparando a celebrare con numerosi eventi ed iniziative su tutto il territorio nazionale, sar\u00e0 anche una straordinaria opportunit\u00e0 per mettere insieme tante eccellenze della cultura del nostro Paese\u201d, ha dichiarato il Generale Goretti a margine dell\u2019evento. \u201cNe \u00e8 un esempio \u2013 ha aggiunto \u2013 questa bellissima sinergia con il Museo dei Motori del Sistema Museale, grazie alla quale abbiamo potuto avvalerci delle loro competenze uniche nel restauro di materiale storico per riportare all\u2019antico splendore alcuni dei motori dei velivoli che hanno fatto la storia dell\u2019Aeronautica Militare nel corso di questo secolo. Alcuni di questi preziosi cimeli verranno esposti e valorizzati nel Museo Storico dell\u2019Aeronautica Militare di Vigna di Valle, un posto che gli appassionati di aviazione di tutto il mondo ci invidiano ed il luogo ideale dove trovano posto i velivoli e gli oggetti appartenuti a chi ha lasciato un segno indelebile in questo percorso lungo 100 anni\u201d.<br \/>Presente all\u2019evento anche il Generale Ispettore capo, Basilio Di Martino, Presidente del Comitato per il Centenario dell\u2019Aeronautica Militare, ed il Generale di Brigata Aerea, Giovanni Francesco Adamo, Capo del 5\u00b0 Reparto \u201cComunicazione\u201d dello Stato Maggiore Aeronautica, accolti dal Direttore del Museo, Marco Cammalleri. <br \/>L\u2019attivit\u00e0 svolta fa parte di un vasto progetto di ricerca, tutela e valorizzazione museale del patrimonio storico motoristico dell\u2019Aeronautica Militare promosso dal Museo e curato dall\u2019ingegnere Giuseppe Genchi, conservatore del Museo. Dopo poco pi\u00f9 di un anno dall\u2019avvio del progetto, il Museo ha completato il restauro di 22 motori storici di varie epoche: sei di questi, particolarmente rari e di elevato valore storico, saranno esposti nel rinnovato allestimento espositivo del Museo Storico dell\u2019Aeronautica Militare, gli altri amplieranno l\u2019area espositiva aeronautica del Museo dei Motori, anch\u2019essa rinnovata con la realizzazione di una nuova sala interamente dedicata ai motori a reazione, inaugurata nell\u2019occasione dal Rettore e dal Capo di Stato Maggiore dell\u2019Aeronautica.<br \/>\u201cSiamo particolarmente orgogliosi di partecipare attivamente alle iniziative celebrative dei cento anni dell\u2019Aeronautica Militare con la realizzazione di questo progetto \u2013 ha sottolineato il Rettore dell\u2019Universit\u00e0 degli Studi di Palermo, Massimo Midiri -. Grazie a questa esemplare e virtuosa collaborazione tra Enti dello Stato viene valorizzata e restituita alla collettivit\u00e0 una importante collezione di motori del patrimonio storico aeronautico del nostro Paese. Il Museo Storico dei Motori e dei Meccanismi, con la sua capacit\u00e0 di raccontare con straordinaria completezza l\u2019evoluzione dei motori che si offrono oggi alla pi\u00f9 ampia fruizione possibile, si conferma tra i principali attori della Terza Missione di Ateneo,  a riprova del ruolo fondamentale di UniPa come centro culturale per lo sviluppo del territorio e della societ\u00e0\u201d.<br \/>Il progetto, \u00e8 stato sottolineato nel corso dell\u2019incontro, amplia le numerose attivit\u00e0 di collaborazione che da dieci anni intercorrono proficuamente tra il Museo dei Motori dell\u2019Ateneo di Palermo e l\u2019Aeronautica Militare, e in particolare con il 5\u00b0 Reparto dello Stato Maggiore della Forza Armata e il suo Museo Storico. Nei rispettivi ambiti, le due istituzioni hanno trovato quale minimo comune denominatore la valorizzazione del patrimonio storico aeronautico, per la quale le attivit\u00e0 di collaborazione proseguiranno ben oltre il 2023. Queste spaziano dalla ricerca documentale alla consulenza storico-tecnica, dal restauro dei motori finalizzato all\u2019esposizione museale alla divulgazione e promozione culturale.<br \/>Il Direttore del Sistema Museale di Ateneo, Paolo Inglese, ha dichiarato: \u201cLa visita del Capo di Stato Maggiore pu\u00f2 definirsi un evento \u2018storic\u00f2 per il nostro Museo dei Motori e di questo siamo a lui profondamente grati e sono io stesso grato al Direttore, Cammalleri ed al Conservatore, Genchi. Che in un momento storico cos\u00ec intenso per le Forze Armate, impegnate in contesti internazionali anche particolarmente delicati, il Capo di Stato Maggiore abbia sentito il piacere e trovato il tempo da dedicare ai risultati pi\u00f9 che eccezionali del lavoro svolto da tutto lo staff del Museo, ivi compresi le collaboratrici e i collaboratori, \u00e8 un fatto che ci riempie di orgoglio e che d\u00e0 lustro a tutta la Comunit\u00e0 Accademica\u201d.<br \/>foto xd6 Italpress<br \/>(ITALPRESS).<div id=\"div-gpt-ad-Messinaoggi.it-DSK-300x250-corpoart\" style=\"text-align:center;margin:0 auto;\"><\/div><\/p>\n<\/div>\n<div id=\"videoincontent\" style=\"clear:both\";><\/div>","protected":false},"excerpt":{"rendered":"<p>PALERMO (ITALPRESS) \u2013 Sono stati presentati, al Museo Storico dei Motori e dei Meccanismi del Sistema Museale dell\u2019Universit\u00e0 di Palermo, 22 motori storici aeronautici completamente restaurati in vista del Centenario dell\u2019Aeronautica Militare del 2023, sulla base di un accordo di collaborazione tra le due istituzioni.All\u2019evento di presentazione hanno preso parte il Capo di Stato Maggiore [&hellip;]<\/p>\n","protected":false},"author":18,"featured_media":130270,"comment_status":"closed","ping_status":"closed","sticky":false,"template":"","format":"standard","meta":{"ub_ctt_via":"","_mi_skip_tracking":false},"categories":[7,2449],"tags":[783],"featured_image_src":"https:\/\/www.messinaoggi.it\/website\/wp-content\/uploads\/2022\/11\/20221117_1815.jpg","author_info":{"display_name":"Admin","author_link":"https:\/\/www.messinaoggi.it\/website\/author\/admin\/"},"digistream_id":0,"digistream":false,"_links":{"self":[{"href":"https:\/\/www.messinaoggi.it\/website\/wp-json\/wp\/v2\/posts\/130269"}],"collection":[{"href":"https:\/\/www.messinaoggi.it\/website\/wp-json\/wp\/v2\/posts"}],"about":[{"href":"https:\/\/www.messinaoggi.it\/website\/wp-json\/wp\/v2\/types\/post"}],"author":[{"embeddable":true,"href":"https:\/\/www.messinaoggi.it\/website\/wp-json\/wp\/v2\/users\/18"}],"replies":[{"embeddable":true,"href":"https:\/\/www.messinaoggi.it\/website\/wp-json\/wp\/v2\/comments?post=130269"}],"version-history":[{"count":1,"href":"https:\/\/www.messinaoggi.it\/website\/wp-json\/wp\/v2\/posts\/130269\/revisions"}],"predecessor-version":[{"id":130271,"href":"https:\/\/www.messinaoggi.it\/website\/wp-json\/wp\/v2\/posts\/130269\/revisions\/130271"}],"wp:featuredmedia":[{"embeddable":true,"href":"https:\/\/www.messinaoggi.it\/website\/wp-json\/wp\/v2\/media\/130270"}],"wp:attachment":[{"href":"https:\/\/www.messinaoggi.it\/website\/wp-json\/wp\/v2\/media?parent=130269"}],"wp:term":[{"taxonomy":"category","embeddable":true,"href":"https:\/\/www.messinaoggi.it\/website\/wp-json\/wp\/v2\/categories?post=130269"},{"taxonomy":"post_tag","embeddable":true,"href":"https:\/\/www.messinaoggi.it\/website\/wp-json\/wp\/v2\/tags?post=130269"}],"curies":[{"name":"wp","href":"https:\/\/api.w.org\/{rel}","templated":true}]}}