{"id":130246,"date":"2022-11-17T16:03:29","date_gmt":"2022-11-17T15:03:29","guid":{"rendered":"https:\/\/www.messinaoggi.it\/website\/2022\/11\/17\/covid-cascio-quarta-dose-a-fragili-e-anziani-fortemente-raccomandata\/"},"modified":"2022-11-17T17:34:30","modified_gmt":"2022-11-17T16:34:30","slug":"covid-cascio-quarta-dose-a-fragili-e-anziani-fortemente-raccomandata","status":"publish","type":"post","link":"https:\/\/www.messinaoggi.it\/website\/2022\/11\/17\/covid-cascio-quarta-dose-a-fragili-e-anziani-fortemente-raccomandata\/","title":{"rendered":"Covid, Cascio \u201cQuarta dose a fragili e anziani fortemente raccomandata\u201d"},"content":{"rendered":"<div>\n<p>PALERMO (ITALPRESS) \u2013 \u201cContinuo a raccomandare fortemente il vaccino a tutte le persone anziane e fragili e lo consiglio con forza, poi lo consiglio a tutti i giovani adulti. Se mi chiedete sui bambini, non lo consiglio con forza, ma al contempo sicuramente non lo sconsiglio\u201d. Intervistato dall\u2019Italpress, il direttore dell\u2019Unit\u00e0 di malattie infettive del Policlinico di Palermo, Antonio Cascio, ha voluto ribadire l\u2019importanza dei vaccini, soprattutto per anziani e fragili, in una fase di convivenza con il Covid-19 in cui la pandemia \u00e8 sotto controllo, ma non bisogna abbassare la guardia. Le quarte dosi dei vaccini aggiornati sono attualmente l\u2019unico modo per contenere la circolazione del virus, limitare lo sviluppo di nuove varianti e prevenire le forme pi\u00f9 gravi della malattia: \u201cLo abbiamo detto tante volte, il vaccino non protegge bene dall\u2019infezione perch\u00e8 la maggior parte dei vaccini non proteggono dalle infezioni naturali, il vaccino ci protegge dal finire in ospedale o morire \u2013 ha spiegato Cascio \u2013 Chi finora non si \u00e8 vaccinato e ha avuto la fortuna di non contrarre la malattia, teoricamente rischia di avere una malattia grave, severa, che lo pu\u00f2 portare anche a morte\u201d. <br \/>\u201cNon voglio fare l\u2019uccello del cattivo augurio, perch\u00e8 sin dall\u2019inizio della pandemia si \u00e8 visto che ci sono delle persone infettate che non manifestavano sintomi \u2013 ha aggiunto il medico, ricordando come le evidenze scientifiche dimostrino i vantaggi di un ciclo vaccinale completo \u2013 Le forme di malattia paucisintomatica o asintomatica sono esisistite fin dal 2020, dai primi casi si era visto che c\u2019erano persone che si infettavano e non si ammalavano. Quindi non posso dire che necessariamente una persona che non si \u00e8 vaccinata dovr\u00e0 avere una forma grave e finire in terapia intensiva o morire, questo non \u00e8 giusto dirlo \u2013 ha concluso \u2013 Per\u00f2 diciamo che ha molte pi\u00f9 probabilit\u00e0 di finire in terapia intensiva o morire rispetto a chi si \u00e8 vaccinato\u201d. <br \/>\u2013 foto xd6-<br \/>(ITALPRESS).<div id=\"div-gpt-ad-Messinaoggi.it-DSK-300x250-corpoart\" style=\"text-align:center;margin:0 auto;\"><\/div><\/p>\n<\/div>\n<div id=\"videoincontent\" style=\"clear:both\";><\/div>","protected":false},"excerpt":{"rendered":"<p>PALERMO (ITALPRESS) \u2013 \u201cContinuo a raccomandare fortemente il vaccino a tutte le persone anziane e fragili e lo consiglio con forza, poi lo consiglio a tutti i giovani adulti. Se mi chiedete sui bambini, non lo consiglio con forza, ma al contempo sicuramente non lo sconsiglio\u201d. Intervistato dall\u2019Italpress, il direttore dell\u2019Unit\u00e0 di malattie infettive del [&hellip;]<\/p>\n","protected":false},"author":18,"featured_media":130247,"comment_status":"closed","ping_status":"closed","sticky":false,"template":"","format":"standard","meta":{"ub_ctt_via":"","_mi_skip_tracking":false},"categories":[221,2449],"tags":[783],"featured_image_src":"https:\/\/www.messinaoggi.it\/website\/wp-content\/uploads\/2022\/11\/20221117_1605.jpg","author_info":{"display_name":"Admin","author_link":"https:\/\/www.messinaoggi.it\/website\/author\/admin\/"},"digistream_id":0,"digistream":false,"_links":{"self":[{"href":"https:\/\/www.messinaoggi.it\/website\/wp-json\/wp\/v2\/posts\/130246"}],"collection":[{"href":"https:\/\/www.messinaoggi.it\/website\/wp-json\/wp\/v2\/posts"}],"about":[{"href":"https:\/\/www.messinaoggi.it\/website\/wp-json\/wp\/v2\/types\/post"}],"author":[{"embeddable":true,"href":"https:\/\/www.messinaoggi.it\/website\/wp-json\/wp\/v2\/users\/18"}],"replies":[{"embeddable":true,"href":"https:\/\/www.messinaoggi.it\/website\/wp-json\/wp\/v2\/comments?post=130246"}],"version-history":[{"count":1,"href":"https:\/\/www.messinaoggi.it\/website\/wp-json\/wp\/v2\/posts\/130246\/revisions"}],"predecessor-version":[{"id":130273,"href":"https:\/\/www.messinaoggi.it\/website\/wp-json\/wp\/v2\/posts\/130246\/revisions\/130273"}],"wp:featuredmedia":[{"embeddable":true,"href":"https:\/\/www.messinaoggi.it\/website\/wp-json\/wp\/v2\/media\/130247"}],"wp:attachment":[{"href":"https:\/\/www.messinaoggi.it\/website\/wp-json\/wp\/v2\/media?parent=130246"}],"wp:term":[{"taxonomy":"category","embeddable":true,"href":"https:\/\/www.messinaoggi.it\/website\/wp-json\/wp\/v2\/categories?post=130246"},{"taxonomy":"post_tag","embeddable":true,"href":"https:\/\/www.messinaoggi.it\/website\/wp-json\/wp\/v2\/tags?post=130246"}],"curies":[{"name":"wp","href":"https:\/\/api.w.org\/{rel}","templated":true}]}}