{"id":130184,"date":"2022-11-17T09:49:00","date_gmt":"2022-11-17T08:49:00","guid":{"rendered":"http:\/\/www.messinaoggi.it\/website\/?p=130184"},"modified":"2022-11-17T09:49:00","modified_gmt":"2022-11-17T08:49:00","slug":"i-carabinieri-al-fianco-dellavis-di-messina","status":"publish","type":"post","link":"https:\/\/www.messinaoggi.it\/website\/2022\/11\/17\/i-carabinieri-al-fianco-dellavis-di-messina\/","title":{"rendered":"I carabinieri al fianco dell&#8217;Avis di Messina"},"content":{"rendered":"\n<p>&#8220;In tutte le regioni d\u2019Italia si continua a registrare una grave carenza di sangue che rischia di paralizzare il sistema sanitario. Anche in Sicilia, dagli inizi dell&#8217;anno, purtroppo, il sistema \u00e8 in sofferenza a causa di una drastica riduzione delle donazioni&#8221;.<div id=\"div-gpt-ad-Messinaoggi.it-DSK-300x250-corpoart\" style=\"text-align:center;margin:0 auto;\"><\/div><\/p>\n\n\n\n<p>Lo scrive in una nota la sezione Avis di Messina.<div id=\"videoincontent\" style=\"clear:both\";><\/div><\/p>\n\n\n\n<p>&#8220;Pertanto la sezione locale ha attivato un percorso di coinvolgimento di tutte le forze armate e di polizia nell\u2019atto della donazione. Tali forze rappresentano un bacino importantissimo per fronteggiare le difficolt\u00e0<br>nella raccolta di sangue. Si rammenta che la donazione d\u00e0 speranza di vita a chi combatte con patologie che spesso richiedono la trasfusione di sangue.<br>In questo contesto, oggi una rappresentanza dell\u2019AVIS di Messina formata da Basilio Butt\u00e0, Presidente; Giovanna Mangano, VicePresidente; Antonino Pelleriti, Tesoriere e Responsabile dei rapporti con le Forze<br>Armate e di Polizia; Angelo Sorace, socio Revisore; Umberto Giuffr\u00e8, Medico; Emanuele Bagal\u00e0, Infermiere; Giovanni Pizzimenti, dipendente, munita di autoemoteca si \u00e8 recata presso la Caserma Culqualber sede tra<br>l\u2019altro del Comando Provinciale dei Carabinieri di Messina. L\u2019incontro \u00e8 stato possibile grazie alla sensibilit\u00e0 del Comandante Col. Marco Carraretti, che ha organizzato l\u2019incontro coadiuvato dal Capitano Salvatore Garufi.<br>Numerosi carabinieri hanno partecipato all\u2019evento sottoponendosi volontariamente ad uno screening di predonazione al quale seguir\u00e0 l\u2019atto di donazione&#8221;.<\/p>\n\n\n\n<p>Quanto la \u201cBenemerita\u201d abbia a cuore questa iniziativa lo dimostra anche la donazione effettuata dal Comandante Col. Marco Carraretti. L\u2019opera di sensibilizzazione tra le Forze Armate continuer\u00e0 e vedr\u00e0 presto coinvolti altri comandi.<\/p>\n","protected":false},"excerpt":{"rendered":"<p>&#8220;In tutte le regioni d\u2019Italia si continua a registrare una grave carenza di sangue che rischia di paralizzare il sistema sanitario. Anche in Sicilia, dagli inizi dell&#8217;anno, purtroppo, il sistema \u00e8 in sofferenza a causa di una drastica riduzione delle donazioni&#8221;. Lo scrive in una nota la sezione Avis di Messina. &#8220;Pertanto la sezione locale [&hellip;]<\/p>\n","protected":false},"author":2,"featured_media":130185,"comment_status":"open","ping_status":"open","sticky":false,"template":"","format":"standard","meta":{"ub_ctt_via":"","_mi_skip_tracking":false},"categories":[5],"tags":[5437,55,5438,5439],"featured_image_src":"https:\/\/www.messinaoggi.it\/website\/wp-content\/uploads\/2022\/11\/foto1.jpg","author_info":{"display_name":"Redazione","author_link":"https:\/\/www.messinaoggi.it\/website\/author\/redazione\/"},"digistream_id":0,"digistream":false,"_links":{"self":[{"href":"https:\/\/www.messinaoggi.it\/website\/wp-json\/wp\/v2\/posts\/130184"}],"collection":[{"href":"https:\/\/www.messinaoggi.it\/website\/wp-json\/wp\/v2\/posts"}],"about":[{"href":"https:\/\/www.messinaoggi.it\/website\/wp-json\/wp\/v2\/types\/post"}],"author":[{"embeddable":true,"href":"https:\/\/www.messinaoggi.it\/website\/wp-json\/wp\/v2\/users\/2"}],"replies":[{"embeddable":true,"href":"https:\/\/www.messinaoggi.it\/website\/wp-json\/wp\/v2\/comments?post=130184"}],"version-history":[{"count":1,"href":"https:\/\/www.messinaoggi.it\/website\/wp-json\/wp\/v2\/posts\/130184\/revisions"}],"predecessor-version":[{"id":130186,"href":"https:\/\/www.messinaoggi.it\/website\/wp-json\/wp\/v2\/posts\/130184\/revisions\/130186"}],"wp:featuredmedia":[{"embeddable":true,"href":"https:\/\/www.messinaoggi.it\/website\/wp-json\/wp\/v2\/media\/130185"}],"wp:attachment":[{"href":"https:\/\/www.messinaoggi.it\/website\/wp-json\/wp\/v2\/media?parent=130184"}],"wp:term":[{"taxonomy":"category","embeddable":true,"href":"https:\/\/www.messinaoggi.it\/website\/wp-json\/wp\/v2\/categories?post=130184"},{"taxonomy":"post_tag","embeddable":true,"href":"https:\/\/www.messinaoggi.it\/website\/wp-json\/wp\/v2\/tags?post=130184"}],"curies":[{"name":"wp","href":"https:\/\/api.w.org\/{rel}","templated":true}]}}