{"id":130171,"date":"2022-11-17T08:49:45","date_gmt":"2022-11-17T07:49:45","guid":{"rendered":"http:\/\/www.messinaoggi.it\/website\/?p=130171"},"modified":"2022-11-17T08:50:35","modified_gmt":"2022-11-17T07:50:35","slug":"scoppia-il-caso-al-policlinico-i-sindacati-cosi-si-rischia-il-dissesto-dellateneo","status":"publish","type":"post","link":"https:\/\/www.messinaoggi.it\/website\/2022\/11\/17\/scoppia-il-caso-al-policlinico-i-sindacati-cosi-si-rischia-il-dissesto-dellateneo\/","title":{"rendered":"Scoppia il caso al Policlinico, i sindacati: &#8220;Cos\u00ec si rischia il dissesto dell&#8217;Ateneo&#8221;"},"content":{"rendered":"\n<p>&#8220;Come mai si solleva una questione del genere a diversi anni dalla stabilizzazione di questo personale, su cui tra l&#8217;altro si \u00e8 gi\u00e0 pronunciato in maniera inequivocabile il Consiglio di Stato?&#8221;. A chiederselo sono Cgil e Fgu Universit\u00e0 dopo la situazione che si \u00e8 venuta a creare all\u2019interno del Policlinico di Messina per via delle decisioni assunte dal Commissario Straordinario riguardo agli incarichi di struttura affidati al personale universitario EP e D equiparato alla dirigenza medica o sanitaria.<div id=\"div-gpt-ad-Messinaoggi.it-DSK-300x250-corpoart\" style=\"text-align:center;margin:0 auto;\"><\/div><\/p>\n\n\n\n<p>In breve, i sindacati spiegano che il Commissario Straordinario abbia rinvenuto delle anomalie nel fatto che questi dirigenti equiparati assumevano incarichi di responsabilit\u00e0 in importanti strutture dell\u2019azienda e svolgessero la loro attivit\u00e0 assistenziale.<div id=\"videoincontent\" style=\"clear:both\";><\/div><\/p>\n\n\n\n<p>\u201cQualunque sia la soluzione che si voglia intraprendere, &#8211; proseguono &#8211; se davvero sussiste un problema, bisogna salvaguardare i lavoratori interessati, che da anni hanno svolto un ruolo fondamentale nell\u2019ambito dell\u2019assistenza e della direzione di talune strutture all\u2019interno del Policlinico Universitario di Messina&#8221;.<\/p>\n\n\n\n<p>&#8220;<strong>Ma quello che \u00e8 stato definito il caso Policlinico rischia di avere forti ripercussioni anche sull\u2019Universit\u00e0, <\/strong>&#8211; avvertono i sindacati &#8211; che dopo avere sollevato il problema e promesso un suo intervento ora tace in maniera assordante. Infatti, la Regione chiede indietro e in tal senso invita il Policlinico a iscrivere in Bilancio le retribuzioni dei lavoratori interessati. Si tratta di diversi milioni di euro, dovendosi forse prendere in considerazione gli ultimi dieci anni, che rischiano di mettere in grave difficolt\u00e0 il Bilancio dell\u2019Ateneo, fino ad oggi al riparo da simili problemi.<\/p>\n\n\n\n<p>&#8220;Ci si chiede se davvero chi amministra l\u2019Universit\u00e0 vuole passare alla storia per chi ha dissestato le finanze dell\u2019Ateneo, mettendo a rischio le retribuzioni del personale docente e tecnico-amministrativo. Inoltre il personale docente rischia non solo di vedere la propria retribuzione messa in dubbio, ma anche il ruolo fin qui svolto all\u2019interno del Policlinico&#8221;.<\/p>\n","protected":false},"excerpt":{"rendered":"<p>&#8220;Come mai si solleva una questione del genere a diversi anni dalla stabilizzazione di questo personale, su cui tra l&#8217;altro si \u00e8 gi\u00e0 pronunciato in maniera inequivocabile il Consiglio di Stato?&#8221;. A chiederselo sono Cgil e Fgu Universit\u00e0 dopo la situazione che si \u00e8 venuta a creare all\u2019interno del Policlinico di Messina per via delle [&hellip;]<\/p>\n","protected":false},"author":8,"featured_media":42542,"comment_status":"open","ping_status":"open","sticky":false,"template":"","format":"standard","meta":{"ub_ctt_via":"","_mi_skip_tracking":false},"categories":[6],"tags":[967,5435,556,814],"featured_image_src":"https:\/\/www.messinaoggi.it\/website\/wp-content\/uploads\/2020\/04\/Policlinico-di-Messina.jpg","author_info":{"display_name":"red..me","author_link":"https:\/\/www.messinaoggi.it\/website\/author\/redstage\/"},"digistream_id":0,"digistream":false,"_links":{"self":[{"href":"https:\/\/www.messinaoggi.it\/website\/wp-json\/wp\/v2\/posts\/130171"}],"collection":[{"href":"https:\/\/www.messinaoggi.it\/website\/wp-json\/wp\/v2\/posts"}],"about":[{"href":"https:\/\/www.messinaoggi.it\/website\/wp-json\/wp\/v2\/types\/post"}],"author":[{"embeddable":true,"href":"https:\/\/www.messinaoggi.it\/website\/wp-json\/wp\/v2\/users\/8"}],"replies":[{"embeddable":true,"href":"https:\/\/www.messinaoggi.it\/website\/wp-json\/wp\/v2\/comments?post=130171"}],"version-history":[{"count":1,"href":"https:\/\/www.messinaoggi.it\/website\/wp-json\/wp\/v2\/posts\/130171\/revisions"}],"predecessor-version":[{"id":130174,"href":"https:\/\/www.messinaoggi.it\/website\/wp-json\/wp\/v2\/posts\/130171\/revisions\/130174"}],"wp:featuredmedia":[{"embeddable":true,"href":"https:\/\/www.messinaoggi.it\/website\/wp-json\/wp\/v2\/media\/42542"}],"wp:attachment":[{"href":"https:\/\/www.messinaoggi.it\/website\/wp-json\/wp\/v2\/media?parent=130171"}],"wp:term":[{"taxonomy":"category","embeddable":true,"href":"https:\/\/www.messinaoggi.it\/website\/wp-json\/wp\/v2\/categories?post=130171"},{"taxonomy":"post_tag","embeddable":true,"href":"https:\/\/www.messinaoggi.it\/website\/wp-json\/wp\/v2\/tags?post=130171"}],"curies":[{"name":"wp","href":"https:\/\/api.w.org\/{rel}","templated":true}]}}