{"id":130138,"date":"2022-11-16T18:02:52","date_gmt":"2022-11-16T17:02:52","guid":{"rendered":"https:\/\/www.messinaoggi.it\/website\/2022\/11\/16\/con-il-progetto-castes-cooperazione-universita-di-palermo-el-salvador\/"},"modified":"2022-11-16T18:02:52","modified_gmt":"2022-11-16T17:02:52","slug":"con-il-progetto-castes-cooperazione-universita-di-palermo-el-salvador","status":"publish","type":"post","link":"https:\/\/www.messinaoggi.it\/website\/2022\/11\/16\/con-il-progetto-castes-cooperazione-universita-di-palermo-el-salvador\/","title":{"rendered":"Con il progetto Castes cooperazione Universit\u00e0 di Palermo-El Salvador"},"content":{"rendered":"<div>\n<p>PALERMO (ITALPRESS) \u2013 L\u2019istituzione e la sostenibilit\u00e0 del primo Corso di Laurea in Ingegneria Geologica nella Universidad de El Salvador (UES): questo l\u2019obiettivo del progetto Castes, portato avanti dall\u2019Universit\u00e0 degli studi di Palermo, attraverso il coordinamento scientifico del professor Christian Conoscenti. Passaggio fondamentale \u00e8 la formazione dei docenti salvadoregni nelle diverse discipline delle Scienze della Terra, con l\u2019obiettivo di rendere il paese centroamericano autonomo nella mitigazione dei rischi geologici e nella gestione delle risorse naturali Un\u2019iniziativa avviata nel giugno 2020 grazie al finanziamento di 1.48 milioni di euro da parte dell\u2019Agenzia Italiana per la Cooperazione allo Sviluppo (AICS). Per analizzare i primi risultati ottenuti, in collaborazione con l\u2019Universit\u00e0 degli Studi \u201cG. d\u2019Annunzio\u201d di Chieti-Pescara, a Palazzo Steri, sede del rettorato di Palermo, si \u00e8 svolto il workshop \u201cUniversit\u00e0 degli Studi di Palermo e Cooperazione Internazionale: l\u2019esperienza del progetto CASTES in Centro America\u201d. <br \/>\u201cL\u2019idea nasce dall\u2019esigenza in El Salvador di gestire i rischi naturali, in particolare quelli geologici, e allo stesso tempo occuparsi delle risorse naturali che sono anche molto importanti \u2013 ha sottolineato Christian Conoscenti del Dipartimento di Scienze della Terra e del Mare dell\u2019Universit\u00e0 degli Studi di Palermo -. Questo paese si trova in Centroamerica in un\u2019area in cui il rischio vulcanico, sismico e quello legato a frane e inondazioni \u00e8 molto elevato. Nonostante ci\u00f2, per\u00f2, non c\u2019\u00e8 una classe di geologi: da qui nasce l\u2019idea di utilizzare il know-how e l\u2019expertise che abbiamo all\u2019universit\u00e0 di Palermo per formare i geologi in Centroamerica in generale. Noi abbiamo una storia lunga, di ormai oltre dieci anni, di progetti e cooperazione in questi paesi. Il Castes \u00e8 un p\u00f2 la conclusione di un percorso che ci porter\u00e0 alla formazione di tanti geologi in El Salvador e di tanti docenti salvadoregni. Si tratta di un\u2019opportunit\u00e0 importante per entrambe le parti: gli studenti salvadoregni possono studiare sia l\u00ec che in Italia, ma \u00e8 un\u2019occasione anche per i nostri ragazzi che hanno la possibilit\u00e0 di studiare e fare delle tesi in El Salvador, un paese che dal punto di vista geologico \u00e8 estremavate interessante e anche per gli stessi docenti \u00e8 un percorso formativo molto importante\u201d. <br \/>\u201cI nostri docenti \u2013 ha aggiunto il rettore dell\u2019Universit\u00e0 degli Studi di Palermo, Massimo Midiri \u2013 hanno lavorato per creare una formazione specialistica in El Salvador che diventa fondamentale, vista la situazione particolare di questo paese. L\u2019obiettivo \u00e8 stato quello di aumentare il loro livello di conoscenza, salvare vite umane ed evitare tragedie che interessano collettivit\u00e0 molto ampie. Diventa un progetto anche di collaborazione internazionale, perch\u00e8 al di l\u00e0 della formazione e del know-how, c\u2019\u00e8 anche la volont\u00e0 tra i due paesi di istituire degli scambi di studenti, non soltanto in ambito geologico. Stiamo gi\u00e0 ragionando <br \/>per aumentare il livello di scambio anche in altre discipline. Tutto ci\u00f2 aumenta e accresce quell\u2019idea di un\u2019universit\u00e0 di Palermo aperta al mondo e che diventa sempre pi\u00f9 internazionale e un punto di riferimento culturale anche per paesi extraeuropei\u201d. <br \/>All\u2019incontro hanno partecipato anche l\u2019Ambasciatore di El Salvador in Italia, l\u2019Ambasciatore d\u2019Italia in El Salvador, il Sindaco di Palermo, il Direttore della sede AICS di San Salvador, il Dirigente Generale del Dipartimento Regionale della Protezione Civile e il Direttore della sezione di Palermo dell\u2019Istituto Nazionale di Geofisica e Vulcanologia (INGV).<div id=\"div-gpt-ad-Messinaoggi.it-DSK-300x250-corpoart\" style=\"text-align:center;margin:0 auto;\"><\/div><\/p>\n<p>\u2013 foto: xd6\/Italpress <div id=\"videoincontent\" style=\"clear:both\";><\/div><\/p>\n<p>(ITALPRESS).<\/p>\n<\/div>\n","protected":false},"excerpt":{"rendered":"<p>PALERMO (ITALPRESS) \u2013 L\u2019istituzione e la sostenibilit\u00e0 del primo Corso di Laurea in Ingegneria Geologica nella Universidad de El Salvador (UES): questo l\u2019obiettivo del progetto Castes, portato avanti dall\u2019Universit\u00e0 degli studi di Palermo, attraverso il coordinamento scientifico del professor Christian Conoscenti. Passaggio fondamentale \u00e8 la formazione dei docenti salvadoregni nelle diverse discipline delle Scienze della [&hellip;]<\/p>\n","protected":false},"author":18,"featured_media":130139,"comment_status":"closed","ping_status":"closed","sticky":false,"template":"","format":"standard","meta":{"ub_ctt_via":"","_mi_skip_tracking":false},"categories":[2449],"tags":[783],"featured_image_src":"https:\/\/www.messinaoggi.it\/website\/wp-content\/uploads\/2022\/11\/20221116_1759.jpg","author_info":{"display_name":"Admin","author_link":"https:\/\/www.messinaoggi.it\/website\/author\/admin\/"},"digistream_id":0,"digistream":false,"_links":{"self":[{"href":"https:\/\/www.messinaoggi.it\/website\/wp-json\/wp\/v2\/posts\/130138"}],"collection":[{"href":"https:\/\/www.messinaoggi.it\/website\/wp-json\/wp\/v2\/posts"}],"about":[{"href":"https:\/\/www.messinaoggi.it\/website\/wp-json\/wp\/v2\/types\/post"}],"author":[{"embeddable":true,"href":"https:\/\/www.messinaoggi.it\/website\/wp-json\/wp\/v2\/users\/18"}],"replies":[{"embeddable":true,"href":"https:\/\/www.messinaoggi.it\/website\/wp-json\/wp\/v2\/comments?post=130138"}],"version-history":[{"count":0,"href":"https:\/\/www.messinaoggi.it\/website\/wp-json\/wp\/v2\/posts\/130138\/revisions"}],"wp:featuredmedia":[{"embeddable":true,"href":"https:\/\/www.messinaoggi.it\/website\/wp-json\/wp\/v2\/media\/130139"}],"wp:attachment":[{"href":"https:\/\/www.messinaoggi.it\/website\/wp-json\/wp\/v2\/media?parent=130138"}],"wp:term":[{"taxonomy":"category","embeddable":true,"href":"https:\/\/www.messinaoggi.it\/website\/wp-json\/wp\/v2\/categories?post=130138"},{"taxonomy":"post_tag","embeddable":true,"href":"https:\/\/www.messinaoggi.it\/website\/wp-json\/wp\/v2\/tags?post=130138"}],"curies":[{"name":"wp","href":"https:\/\/api.w.org\/{rel}","templated":true}]}}