{"id":130136,"date":"2022-11-16T17:07:56","date_gmt":"2022-11-16T16:07:56","guid":{"rendered":"https:\/\/www.messinaoggi.it\/website\/2022\/11\/16\/mattarella-riceve-bagnaia-e-ducati-simboli-di-unitalia-vincente\/"},"modified":"2022-11-16T17:07:56","modified_gmt":"2022-11-16T16:07:56","slug":"mattarella-riceve-bagnaia-e-ducati-simboli-di-unitalia-vincente","status":"publish","type":"post","link":"https:\/\/www.messinaoggi.it\/website\/2022\/11\/16\/mattarella-riceve-bagnaia-e-ducati-simboli-di-unitalia-vincente\/","title":{"rendered":"Mattarella riceve Bagnaia e Ducati \u201cSimboli di un\u2019Italia vincente\u201d"},"content":{"rendered":"<div>ROMA (ITALPRESS) &#8211; Novantuno punti recuperati in 8 gare sono il simbolo di un Mondiale vinto con sacrificio, sudore e passione, che spruzza italianit\u00e0 da tutti i pori. Francesco\u00a0Bagnaia se lo gode ancora, dieci giorni dopo la festa di Valencia, e il rientro a Roma continua a vederlo protagonista di premiazioni e momenti da ricordare sui palcoscenici pi\u00f9 prestigiosi. Dopo il Collare d&#8217;Oro del Coni, l&#8217;incontro dal Presidente della Repubblica, Sergio Mattarella, che dopo aver seguito con trasporto le imprese di calcio (Europeo 2021) e pallavolo (doppio Europeo 2021 e Mondiale maschile 2022) si \u00e8 scoperto appassionato di motori. Nel Cortile d&#8217;Onore ha accarezzato la Ducati, salita sul tetto del mondo insieme a Pecco. &#8220;E&#8217; un grandissimo orgoglio essere qui &#8211; le parole del 25enne neo campione della classe regina &#8211; Il Presidente si \u00e8 congratulato con Ducati e con me, \u00e8 sempre piacevolmente disarmante la sua presenza. Lui poi \u00e8 attento a ogni particolare, abbiamo parlato delle appendici aerodinamiche della nostra moto e ci ha fatto domande molto mirate, da uno che segue con attenzione il nostro sport&#8221;.<br \/>A illustrare tutti i dettagli tecnici della moto ci ha pensato l&#8217;ad della casa motociclistica, Stefano Domenicali. Nel suo saluto durante la cerimonia, Bagnaia ha detto di aver &#8220;portato con orgoglio la bandiera italiana a Valencia, dopo il trionfo. Ma non \u00e8 solo una mia vittoria, \u00e8 la vittoria di un gruppo di lavoro&#8221;. Insieme a lui c&#8217;era una delegazione composta da manager e tecnici e rappresentanti della Federazione Motociclistica Italiana guidati dal presidente Giovanni Copioli:&#8221;Festeggiamo Bagnaia, che ha ottenuto un risultato straordinario, frutto del suo enorme talento, ma anche della professionalit\u00e0, intelligenza, spirito di sacrificio, determinazione e tanto coraggio. La sua<br \/>storia \u00e8 un modello per tutti i ragazzi che si approcciano al<br \/>nostro sport&#8221;. C&#8217;era anche il numero uno del Coni, Giovanni Malag\u00f2, e al Ministro per lo Sport e i Giovani, Andrea Abodi. Mattarella, prima del suo intervento, ha ricordato al presidente del Coni che &#8220;al Quirinale ci sar\u00e0 sempre spazio per celebrare i successi italiani, e se ci vediamo qui \u00e8 per merito dei nostri campioni, non certo mio&#8221;. Il Presidente della Repubblica, rivolgendosi poi a Bagnaia, ha usato il suo soprannome &#8220;Pecco, \u00e8 un piacere averti qui &#8211; il suo saluto &#8211; La tua impresa ha via via coinvolto tutto il nostro Paese. Un anno fa eravamo in queste stesse sale per celebrare la grande carriera di Valentino Rossi che lasciava la MotoGP, ebbene credo che a Valentino stesso faccia piacere sapere che il filone di vittorie italiane nelle moto continua e ha un futuro&#8221;. Il Capo dello Stato ha proseguito parlando del piemontese come di &#8220;un giovane sportivo che \u00e8 esempio per i giovani italiani&#8221;. Facendo i complimenti a tutti, ha poi dedicato un pensiero conclusivo alla Ducati, definita &#8220;una squadra straordinaria, \u00e8 importante avere dopo 50 anni un campione italiano su una moto italiana. Grazie per quello che rappresentate per l&#8217;immagine del nostro Paese&#8221;. Per il presidente del Coni Giovanni Malag\u00f2, &#8220;Bagnaia pu\u00f2 aprire un ciclo come Valentino Rossi. Abbiamo fatto la storia dopo 50 anni con la vittoria del Mondiale di un pilota italiano su moto italiana, come fece Agostini &#8211; ha aggiunto Malag\u00f2 &#8211; Ci sono tutte le premesse per proseguire e scrivere altre straordinarie pagine&#8221;.<br \/>-foto ufficio stampa Quirinale &#8211;<br \/>(ITALPRESS).<\/div>\n<div id=\"div-gpt-ad-Messinaoggi.it-DSK-300x250-corpoart\" style=\"text-align:center;margin:0 auto;\"><\/div><\/p><div id=\"videoincontent\" style=\"clear:both\";><\/div>","protected":false},"excerpt":{"rendered":"<p>ROMA (ITALPRESS) &#8211; Novantuno punti recuperati in 8 gare sono il simbolo di un Mondiale vinto con sacrificio, sudore e passione, che spruzza italianit\u00e0 da tutti i pori. Francesco\u00a0Bagnaia se lo gode ancora, dieci giorni dopo la festa di Valencia, e il rientro a Roma continua a vederlo protagonista di premiazioni e momenti da ricordare [&hellip;]<\/p>\n","protected":false},"author":18,"featured_media":130137,"comment_status":"closed","ping_status":"closed","sticky":false,"template":"","format":"standard","meta":{"ub_ctt_via":"","_mi_skip_tracking":false},"categories":[446],"tags":[783],"featured_image_src":"https:\/\/www.messinaoggi.it\/website\/wp-content\/uploads\/2022\/11\/20221116_1613.jpg","author_info":{"display_name":"Admin","author_link":"https:\/\/www.messinaoggi.it\/website\/author\/admin\/"},"digistream_id":0,"digistream":false,"_links":{"self":[{"href":"https:\/\/www.messinaoggi.it\/website\/wp-json\/wp\/v2\/posts\/130136"}],"collection":[{"href":"https:\/\/www.messinaoggi.it\/website\/wp-json\/wp\/v2\/posts"}],"about":[{"href":"https:\/\/www.messinaoggi.it\/website\/wp-json\/wp\/v2\/types\/post"}],"author":[{"embeddable":true,"href":"https:\/\/www.messinaoggi.it\/website\/wp-json\/wp\/v2\/users\/18"}],"replies":[{"embeddable":true,"href":"https:\/\/www.messinaoggi.it\/website\/wp-json\/wp\/v2\/comments?post=130136"}],"version-history":[{"count":0,"href":"https:\/\/www.messinaoggi.it\/website\/wp-json\/wp\/v2\/posts\/130136\/revisions"}],"wp:featuredmedia":[{"embeddable":true,"href":"https:\/\/www.messinaoggi.it\/website\/wp-json\/wp\/v2\/media\/130137"}],"wp:attachment":[{"href":"https:\/\/www.messinaoggi.it\/website\/wp-json\/wp\/v2\/media?parent=130136"}],"wp:term":[{"taxonomy":"category","embeddable":true,"href":"https:\/\/www.messinaoggi.it\/website\/wp-json\/wp\/v2\/categories?post=130136"},{"taxonomy":"post_tag","embeddable":true,"href":"https:\/\/www.messinaoggi.it\/website\/wp-json\/wp\/v2\/tags?post=130136"}],"curies":[{"name":"wp","href":"https:\/\/api.w.org\/{rel}","templated":true}]}}