{"id":130134,"date":"2022-11-16T17:07:55","date_gmt":"2022-11-16T16:07:55","guid":{"rendered":"https:\/\/www.messinaoggi.it\/website\/2022\/11\/16\/reintegro-di-medici-e-infermieri-no-vax-italiani-divisi\/"},"modified":"2022-11-16T19:28:26","modified_gmt":"2022-11-16T18:28:26","slug":"reintegro-di-medici-e-infermieri-no-vax-italiani-divisi","status":"publish","type":"post","link":"https:\/\/www.messinaoggi.it\/website\/2022\/11\/16\/reintegro-di-medici-e-infermieri-no-vax-italiani-divisi\/","title":{"rendered":"Reintegro di medici e infermieri No Vax, italiani divisi"},"content":{"rendered":"<div>ROMA (ITALPRESS) &#8211; Il nuovo Governo Meloni \u00e8 entrato nel pieno delle sue funzioni e sta iniziando a varare le prime norme e a formulare le prime proposte. Tra le prime azioni del nuovo Esecutivo c&#8217;\u00e8 stato il varo della cosiddetta norma &#8220;anti-rave&#8221; &#8211; con lo sgombero di un rave party a Modena &#8211; e il reintegro al lavoro per i medici e infermieri non vaccinati contro il Covid19. Riguardo alla norma anti-rave, la maggioranza degli italiani (54,8%) approva e condivide questa prima scelta del Governo, sul reintegro del personale sanitario, invece, il campione si divide tra favorevoli e contrari, con una prevalenza di questi ultimi (il 47,2%). Nel complesso, comunque, oltre la met\u00e0 degli italiani non giudica l&#8217;azione di Governo come liberticida o che possa attentare alle libert\u00e0 fondamentali del Paese. In questo particolare momento storico, poi, le attenzioni e le priorit\u00e0 degli italiani si concentrano su altri temi e, soprattutto, su quello che riguarda la sfera economica personale&#8230;Dal lavoro alle bollette, all&#8217;inflazione in continuo aumento, temi che incidono notevolmente sul portafoglio delle famiglie italiane e che, in questo momento, risultano prioritari rispetto a tutto il resto.<div id=\"div-gpt-ad-Messinaoggi.it-DSK-300x250-corpoart\" style=\"text-align:center;margin:0 auto;\"><\/div><\/p>\n<p>Dati Euromedia Research &#8211; Realizzato l&#8217;08\/11\/2022 con metodologia mista CATI\/CAWI su un campione di 1.000 casi rappresentativi della popolazione italiana maggiorenne<div id=\"videoincontent\" style=\"clear:both\";><\/div><\/p>\n<p>&#8211; foto Euromedia Research &#8211;<br \/>(ITALPRESS).<\/div>\n","protected":false},"excerpt":{"rendered":"<p>ROMA (ITALPRESS) &#8211; Il nuovo Governo Meloni \u00e8 entrato nel pieno delle sue funzioni e sta iniziando a varare le prime norme e a formulare le prime proposte. Tra le prime azioni del nuovo Esecutivo c&#8217;\u00e8 stato il varo della cosiddetta norma &#8220;anti-rave&#8221; &#8211; con lo sgombero di un rave party a Modena &#8211; e [&hellip;]<\/p>\n","protected":false},"author":18,"featured_media":130135,"comment_status":"closed","ping_status":"closed","sticky":false,"template":"","format":"standard","meta":{"ub_ctt_via":"","_mi_skip_tracking":false},"categories":[221,446],"tags":[783],"featured_image_src":"https:\/\/www.messinaoggi.it\/website\/wp-content\/uploads\/2022\/11\/20221116_1572.jpg","author_info":{"display_name":"Admin","author_link":"https:\/\/www.messinaoggi.it\/website\/author\/admin\/"},"digistream_id":0,"digistream":false,"_links":{"self":[{"href":"https:\/\/www.messinaoggi.it\/website\/wp-json\/wp\/v2\/posts\/130134"}],"collection":[{"href":"https:\/\/www.messinaoggi.it\/website\/wp-json\/wp\/v2\/posts"}],"about":[{"href":"https:\/\/www.messinaoggi.it\/website\/wp-json\/wp\/v2\/types\/post"}],"author":[{"embeddable":true,"href":"https:\/\/www.messinaoggi.it\/website\/wp-json\/wp\/v2\/users\/18"}],"replies":[{"embeddable":true,"href":"https:\/\/www.messinaoggi.it\/website\/wp-json\/wp\/v2\/comments?post=130134"}],"version-history":[{"count":1,"href":"https:\/\/www.messinaoggi.it\/website\/wp-json\/wp\/v2\/posts\/130134\/revisions"}],"predecessor-version":[{"id":130142,"href":"https:\/\/www.messinaoggi.it\/website\/wp-json\/wp\/v2\/posts\/130134\/revisions\/130142"}],"wp:featuredmedia":[{"embeddable":true,"href":"https:\/\/www.messinaoggi.it\/website\/wp-json\/wp\/v2\/media\/130135"}],"wp:attachment":[{"href":"https:\/\/www.messinaoggi.it\/website\/wp-json\/wp\/v2\/media?parent=130134"}],"wp:term":[{"taxonomy":"category","embeddable":true,"href":"https:\/\/www.messinaoggi.it\/website\/wp-json\/wp\/v2\/categories?post=130134"},{"taxonomy":"post_tag","embeddable":true,"href":"https:\/\/www.messinaoggi.it\/website\/wp-json\/wp\/v2\/tags?post=130134"}],"curies":[{"name":"wp","href":"https:\/\/api.w.org\/{rel}","templated":true}]}}