{"id":130090,"date":"2022-11-16T16:38:00","date_gmt":"2022-11-16T15:38:00","guid":{"rendered":"http:\/\/www.messinaoggi.it\/website\/?p=130090"},"modified":"2022-11-16T16:42:26","modified_gmt":"2022-11-16T15:42:26","slug":"via-don-blasco-inaugurato-nuovo-tratto","status":"publish","type":"post","link":"https:\/\/www.messinaoggi.it\/website\/2022\/11\/16\/via-don-blasco-inaugurato-nuovo-tratto\/","title":{"rendered":"Via Don Blasco, inaugurato nuovo tratto"},"content":{"rendered":"\n<p>E\u2019 stato aperto stamani il tratto di Via Maregrosso \u2013 Via Bonsignore, alla presenza del Sindaco <strong>Federico Basile,<\/strong> del Vicesindaco<strong> Salvatore Mondello <\/strong>nella qualit\u00e0 di Assessore alle Infrastrutture e ai Lavori Pubblici, della Direzione Lavori e dei tecnici comunali impegnati nel progetto.<div id=\"div-gpt-ad-Messinaoggi.it-DSK-300x250-corpoart\" style=\"text-align:center;margin:0 auto;\"><\/div><\/p>\n\n\n\n<p>\u201cLa nuova Via Don Blasco assume una fisionomia sempre pi\u00f9 definita \u2013 ha dichiarato il Sindaco Basile \u2013 quello di oggi \u00e8 un tratto determinante per l\u2019assetto viario complessivo, che premia un lavoro di squadra particolarmente curato dall\u2019Amministrazione De Luca prima e a seguire dalla mia. E\u2019 innegabile l\u2019importanza strategica che questo asse rappresenta, sia come volano di sviluppo per i progetti della Messina del futuro, che sono gi\u00e0 chiari nella nostra mente e in parte avviati, sia per la funzionalit\u00e0 che questo raccordo viario potr\u00e0 fornire alla circolazione della zona. La Nuova Via Don Blasco \u00e8 un punto nodale di partenza, che diventer\u00e0 il fiore all\u2019occhiello della nostra Amministrazione\u201d.<div id=\"videoincontent\" style=\"clear:both\";><\/div><\/p>\n\n\n\n<figure class=\"wp-block-image size-large\"><img loading=\"lazy\" width=\"1024\" height=\"768\" src=\"http:\/\/www.messinaoggi.it\/website\/wp-content\/uploads\/2022\/11\/Don-Blasco-3.jpg\" alt=\"\" class=\"wp-image-130092\" srcset=\"https:\/\/www.messinaoggi.it\/website\/wp-content\/uploads\/2022\/11\/Don-Blasco-3.jpg 1024w, https:\/\/www.messinaoggi.it\/website\/wp-content\/uploads\/2022\/11\/Don-Blasco-3-300x225.jpg 300w, https:\/\/www.messinaoggi.it\/website\/wp-content\/uploads\/2022\/11\/Don-Blasco-3-768x576.jpg 768w\" sizes=\"(max-width: 1024px) 100vw, 1024px\" \/><figcaption>il Vicesindaco Mondello<\/figcaption><\/figure>\n\n\n\n<p>\u201cOggi \u00e8 un giorno molto importante per la citt\u00e0 \u2013 ha proseguito il Vicesindaco Mondello \u2013 con l\u2019apertura dello snodo che incrocia la strada ferrata e il palazzo ATM, \u00e8 stata risolta una problematica che ha creato non pochi inconvenienti lungo il complesso procedimento che ha portato al risultato attuale. Quando parliamo di grandi opere, non dobbiamo perdere di vista la fitta rete di imprevisti che si presentano, ma con il forte impegno e la caparbiet\u00e0, si pu\u00f2 arrivare lontano. Siamo animati dalla ferma convinzione di elevare al massimo gli standard della meravigliosa citt\u00e0 in cui viviamo e andremo avanti in questa direzione. Quando saranno riuniti i due assi Via Acireale \u2013 Via Maregrosso, l\u2019opera si mostrer\u00e0 in tutta la sua imponenza. Siamo molto fiduciosi sul futuro di Messina\u201d.<\/p>\n\n\n\n<figure class=\"wp-block-image size-large\"><img loading=\"lazy\" width=\"1024\" height=\"768\" src=\"http:\/\/www.messinaoggi.it\/website\/wp-content\/uploads\/2022\/11\/Don-Blasco-1-1024x768.jpg\" alt=\"\" class=\"wp-image-130094\" srcset=\"https:\/\/www.messinaoggi.it\/website\/wp-content\/uploads\/2022\/11\/Don-Blasco-1-1024x768.jpg 1024w, https:\/\/www.messinaoggi.it\/website\/wp-content\/uploads\/2022\/11\/Don-Blasco-1-300x225.jpg 300w, https:\/\/www.messinaoggi.it\/website\/wp-content\/uploads\/2022\/11\/Don-Blasco-1-768x576.jpg 768w, https:\/\/www.messinaoggi.it\/website\/wp-content\/uploads\/2022\/11\/Don-Blasco-1-1536x1152.jpg 1536w, https:\/\/www.messinaoggi.it\/website\/wp-content\/uploads\/2022\/11\/Don-Blasco-1.jpg 1600w\" sizes=\"(max-width: 1024px) 100vw, 1024px\" \/><figcaption>Il taglio del nastro con il Sindaco e l&#8217;ing. Antonio Rizzo<\/figcaption><\/figure>\n\n\n\n<p>Non \u00e8 l\u2019ultimo atto, il completamento dei lavori, secondo il Vicesindaco, \u00e8 previsto per Dicembre 2023. Almeno questo \u00e8 l\u2019obiettivo che si pone l\u2019Amministrazione.<\/p>\n\n\n\n<p>L\u2019ingegnere <strong>Antonio Rizzo,<\/strong> direttore dei lavoratori, ha spiegato, nello specifico, che mancano ancora quelli che definisce i \u201clavori complessi\u201d per l\u2019area ex Rifotras e quella Rfi nei pressi di Via Santa Cecilia.<\/p>\n\n\n\n<p>A breve il Comune dovrebbe affidare i lavori ad un\u2019impresa per la riqualificazione dell\u2019area Rifotras. Successivamente si passer\u00e0 al sottopasso Rfi, dove si far\u00e0 l\u2019abbassamento di circa un metro e cinquanta della quota stradale per consentire il passaggio dei mezzi pesanti sotto il ponte ferroviario in ferro.<\/p>\n","protected":false},"excerpt":{"rendered":"<p>E\u2019 stato aperto stamani il tratto di Via Maregrosso \u2013 Via Bonsignore, alla presenza del Sindaco Federico Basile, del Vicesindaco Salvatore Mondello nella qualit\u00e0 di Assessore alle Infrastrutture e ai Lavori Pubblici, della Direzione Lavori e dei tecnici comunali impegnati nel progetto. \u201cLa nuova Via Don Blasco assume una fisionomia sempre pi\u00f9 definita \u2013 ha [&hellip;]<\/p>\n","protected":false},"author":123457,"featured_media":130093,"comment_status":"open","ping_status":"open","sticky":false,"template":"","format":"standard","meta":{"ub_ctt_via":"","_mi_skip_tracking":false},"categories":[4,1],"tags":[5433,1914,2972,2144,1872,3528,2406],"featured_image_src":"https:\/\/www.messinaoggi.it\/website\/wp-content\/uploads\/2022\/11\/Don-Blasco-2.jpg","author_info":{"display_name":"Michele Bruno","author_link":"https:\/\/www.messinaoggi.it\/website\/author\/michele-bruno\/"},"digistream_id":0,"digistream":false,"_links":{"self":[{"href":"https:\/\/www.messinaoggi.it\/website\/wp-json\/wp\/v2\/posts\/130090"}],"collection":[{"href":"https:\/\/www.messinaoggi.it\/website\/wp-json\/wp\/v2\/posts"}],"about":[{"href":"https:\/\/www.messinaoggi.it\/website\/wp-json\/wp\/v2\/types\/post"}],"author":[{"embeddable":true,"href":"https:\/\/www.messinaoggi.it\/website\/wp-json\/wp\/v2\/users\/123457"}],"replies":[{"embeddable":true,"href":"https:\/\/www.messinaoggi.it\/website\/wp-json\/wp\/v2\/comments?post=130090"}],"version-history":[{"count":1,"href":"https:\/\/www.messinaoggi.it\/website\/wp-json\/wp\/v2\/posts\/130090\/revisions"}],"predecessor-version":[{"id":130095,"href":"https:\/\/www.messinaoggi.it\/website\/wp-json\/wp\/v2\/posts\/130090\/revisions\/130095"}],"wp:featuredmedia":[{"embeddable":true,"href":"https:\/\/www.messinaoggi.it\/website\/wp-json\/wp\/v2\/media\/130093"}],"wp:attachment":[{"href":"https:\/\/www.messinaoggi.it\/website\/wp-json\/wp\/v2\/media?parent=130090"}],"wp:term":[{"taxonomy":"category","embeddable":true,"href":"https:\/\/www.messinaoggi.it\/website\/wp-json\/wp\/v2\/categories?post=130090"},{"taxonomy":"post_tag","embeddable":true,"href":"https:\/\/www.messinaoggi.it\/website\/wp-json\/wp\/v2\/tags?post=130090"}],"curies":[{"name":"wp","href":"https:\/\/api.w.org\/{rel}","templated":true}]}}