{"id":130087,"date":"2022-11-16T16:02:21","date_gmt":"2022-11-16T15:02:21","guid":{"rendered":"http:\/\/www.messinaoggi.it\/website\/?p=130087"},"modified":"2022-11-16T16:10:58","modified_gmt":"2022-11-16T15:10:58","slug":"amata-assessore-ai-beni-culturali-rilanciare-con-i-giovani","status":"publish","type":"post","link":"https:\/\/www.messinaoggi.it\/website\/2022\/11\/16\/amata-assessore-ai-beni-culturali-rilanciare-con-i-giovani\/","title":{"rendered":"Amata assessore ai Beni Culturali: &#8220;rilanciare con i giovani&#8221;"},"content":{"rendered":"\n<p>Appena scelta come assessore regionale ai Beni culturali e all&#8217;identit\u00e0 siciliana dal Presidente <strong>Renato Schifani, Elvira Amata<\/strong> espone le sue priorit\u00e0 di lavoro per il suo nuovo impegno.<div id=\"div-gpt-ad-Messinaoggi.it-DSK-300x250-corpoart\" style=\"text-align:center;margin:0 auto;\"><\/div><\/p>\n\n\n\n<p>&#8220;Da oggi comincia una nuova, bellissima avventura alla guida dell&#8217;assessorato dei Beni culturali e dell&#8217;Identit\u00e0 siciliana al fianco del presidente della Regione Siciliana Renato Schifani che ringrazio per la fiducia. C&#8217;\u00e8 tanto da fare per il nostro patrimonio che \u00e8 gi\u00e0 ricchezza e che va rilanciato ed utilizzato con nuove e pi\u00f9 fresche idee. Anche con il coinvolgimento delle universit\u00e0 siciliane e dei giovani i quali vanno avvicinati ed interessati ai musei, ai parchi archeologici e a tutti i beni patrimonio dell&#8217;Unesco, alla cultura in generale. Un pensiero particolare, infine, va alla mia citt\u00e0, Messina, che da anni non esprimeva nella giunta regionale un assessore e alla quale mi dedicher\u00f2 con l&#8217;amore di sempre&#8221;.<div id=\"videoincontent\" style=\"clear:both\";><\/div><\/p>\n\n\n\n<p><\/p>\n","protected":false},"excerpt":{"rendered":"<p>Appena scelta come assessore regionale ai Beni culturali e all&#8217;identit\u00e0 siciliana dal Presidente Renato Schifani, Elvira Amata espone le sue priorit\u00e0 di lavoro per il suo nuovo impegno. &#8220;Da oggi comincia una nuova, bellissima avventura alla guida dell&#8217;assessorato dei Beni culturali e dell&#8217;Identit\u00e0 siciliana al fianco del presidente della Regione Siciliana Renato Schifani che ringrazio [&hellip;]<\/p>\n","protected":false},"author":15,"featured_media":78477,"comment_status":"open","ping_status":"open","sticky":false,"template":"","format":"standard","meta":{"ub_ctt_via":"","_mi_skip_tracking":false},"categories":[4],"tags":[998,655,1526,5432,5430,5431,757,583],"featured_image_src":"https:\/\/www.messinaoggi.it\/website\/wp-content\/uploads\/2021\/09\/elvira-amata-1.jpg","author_info":{"display_name":"red.me","author_link":"https:\/\/www.messinaoggi.it\/website\/author\/red-me\/"},"digistream_id":0,"digistream":false,"_links":{"self":[{"href":"https:\/\/www.messinaoggi.it\/website\/wp-json\/wp\/v2\/posts\/130087"}],"collection":[{"href":"https:\/\/www.messinaoggi.it\/website\/wp-json\/wp\/v2\/posts"}],"about":[{"href":"https:\/\/www.messinaoggi.it\/website\/wp-json\/wp\/v2\/types\/post"}],"author":[{"embeddable":true,"href":"https:\/\/www.messinaoggi.it\/website\/wp-json\/wp\/v2\/users\/15"}],"replies":[{"embeddable":true,"href":"https:\/\/www.messinaoggi.it\/website\/wp-json\/wp\/v2\/comments?post=130087"}],"version-history":[{"count":2,"href":"https:\/\/www.messinaoggi.it\/website\/wp-json\/wp\/v2\/posts\/130087\/revisions"}],"predecessor-version":[{"id":130089,"href":"https:\/\/www.messinaoggi.it\/website\/wp-json\/wp\/v2\/posts\/130087\/revisions\/130089"}],"wp:featuredmedia":[{"embeddable":true,"href":"https:\/\/www.messinaoggi.it\/website\/wp-json\/wp\/v2\/media\/78477"}],"wp:attachment":[{"href":"https:\/\/www.messinaoggi.it\/website\/wp-json\/wp\/v2\/media?parent=130087"}],"wp:term":[{"taxonomy":"category","embeddable":true,"href":"https:\/\/www.messinaoggi.it\/website\/wp-json\/wp\/v2\/categories?post=130087"},{"taxonomy":"post_tag","embeddable":true,"href":"https:\/\/www.messinaoggi.it\/website\/wp-json\/wp\/v2\/tags?post=130087"}],"curies":[{"name":"wp","href":"https:\/\/api.w.org\/{rel}","templated":true}]}}