{"id":130028,"date":"2022-11-16T15:38:33","date_gmt":"2022-11-16T14:38:33","guid":{"rendered":"http:\/\/www.messinaoggi.it\/website\/?p=130028"},"modified":"2022-11-16T15:40:30","modified_gmt":"2022-11-16T14:40:30","slug":"lex-forza-nuova-invitato-alla-camera-polemica-sul-deluchiano-gallo","status":"publish","type":"post","link":"https:\/\/www.messinaoggi.it\/website\/2022\/11\/16\/lex-forza-nuova-invitato-alla-camera-polemica-sul-deluchiano-gallo\/","title":{"rendered":"L&#8217;ex Forza Nuova invitato alla Camera, polemica sul  deluchiano Gallo"},"content":{"rendered":"\n<p>Un favore che rischia di diventare un boomerang per <strong>Cateno De Luca <\/strong>e il suo movimento Sud Chiama Nord. Nel mirino il suo deputato ed ex Vicesindaco di Messina <strong>Francesco Gallo.<\/strong><div id=\"div-gpt-ad-Messinaoggi.it-DSK-300x250-corpoart\" style=\"text-align:center;margin:0 auto;\"><\/div><\/p>\n\n\n\n<p>Non pu\u00f2 dire di no al suo avvocato De Luca. Non pu\u00f2 dire di no nemmeno Gallo al leader del Movimento che lo ha portato alla Camera. L&#8217;avvocato <strong>Carlo Taormina,<\/strong> tra i fondatori del nuovo movimento politico <strong><em>Italia Libera, <\/em><\/strong>difensore di Cateno De Luca nei suoi numerosi processi, chiede un aiuto e lo ottiene.<div id=\"videoincontent\" style=\"clear:both\";><\/div><\/p>\n\n\n\n<p>Il suo movimento potr\u00e0 presentarsi pubblicamente per la prima volta proprio alla Camera, grazie all&#8217;intermediazione di Gallo, che ha prenotato una sala di Montecitorio per l&#8217;evento.<\/p>\n\n\n\n<p>Quello che ha destato scalpore e che sta facendo montare la polemica contro il deputato \u00e8 la presenza scomoda di <strong>Giuliano Castellino,<\/strong> ex leader del partito politico dichiaratamente fascista Forza Nuova, nonch\u00e9 imputato per l&#8217;assalto alla Cgil dell&#8217;Ottobre 2021 a Roma.<\/p>\n\n\n\n<p>Non passa inosservato e in tanti, a Messina ma anche da Roma, stanno criticando Gallo. <\/p>\n\n\n\n<p>Proprio la senatrice <strong>Susanna Camusso<\/strong>, ex segretaria Cgil, interviene indignata: <\/p>\n\n\n\n<p>\u00abApprendo che domani alla Camera si svolger\u00e0 la presentazione del movimento politico &#8220;Italia libera&#8221; a cui parteciper\u00e0 Giuliano Castellino. Non do giudizi politici sul nascente movimento politico ma sono esterrefatta che l\u2019ex leader di Forza Nuova, imputato per l\u2019assalto alla Cgil del 9 ottobre del 2021, intervenga nella sede di una istituzione parlamentare\u00bb.<\/p>\n\n\n\n<p>\u00abTrovo inaccettabile che la Camera dei Deputati possa ospitare uno dei responsabili dell\u2019assalto fascista alla Cgil, gi\u00e0 condannato per altro reato, e che \u00e8 in regime di sorveglianza speciale data la sua pericolosit\u00e0. Che un deputato di questa destra permetta il suo ingresso dimostra i loro legami con il neofascismo. I vertici della Camera dei Deputati evitino questo oltraggio\u00bb. Lo afferma il segretario nazionale di Sinistra Italiana, <strong>Nicola Fratoianni<\/strong>, parlamentare dell\u2019Alleanza Verdi Sinistra.<\/p>\n\n\n\n<p>\u00abHo scritto al presidente della Camera, Lorenzo Fontana, perch\u00e9 si attivi per tutelare la dignit\u00e0 dell\u2019istituzione che presiede, evitando la presenza dell\u2019ex leader di Forza Nuova Giuliano Castellino a una conferenza nella sala stampa della Camera. E&#8217; inaccettabile che Castellino, che tra l\u2019altro figura tra gli assalitori alla sede della Cgil, possa essere ospitato in una prestigiosa sede istituzionale\u00bb. Spiega la capogruppo Pd a Montecitorio, <strong>Debora Serracchiani<\/strong>.<\/p>\n\n\n\n<p>\u00abNon ho fatto salti di gioia &#8211; si giustifica il deputato deluchiano &#8211; quando nella lista con una decina di partecipanti ho visto Castellino.<strong> <\/strong>Ma ho rispettato l\u2019impegno preso con Taormina, dando la possibilit\u00e0 di presentare il loro movimento. Taormina, mi ha mandato lo statuto di Italia libera, in cui si fa riferimento ai valori della non violenza e della pace. Sapevo che la presenza di Castellino avrebbe provocato polemiche. La mia storia politica e personale \u00e8 estranea a quegli ambienti politici, ma non mi \u00e8 sembrato il caso di porre condizioni per dare voce a questo movimento\u00bb.<\/p>\n\n\n\n<p>Ed ha rincarato:<\/p>\n\n\n\n<p>\u00abAlle 14 nella sala stampa della Camera di parler\u00e0 di politica. E per evitare che l\u2019attenzione generale si concentri sulla presenza di una sola persona, sollevando polemiche e polveroni mediatici, questa persona non sar\u00e0 in quella sala. Con buona pace del garantismo e delle libert\u00e0 costituzionali\u00bb.<\/p>\n\n\n\n<p>In seguito si giustificher\u00e0 e difender\u00e0 ulteriormente, cercando di minimizzare le polemiche:<\/p>\n\n\n\n<p>\u00abIl rischio \u00e8 che Castellino diventi simpatico non a me ma a tanti. Da una parte \u00e8 un personaggio deprecabile per qualche gesto ma dall\u2019altra \u00e8 anche incensurato &#8211; continua Gallo &#8211; Il rischio \u00e8 di creare un polverone. Decideremo domattina, ho chiesto a Carlo Taormina di togliermi da una situazione per me imbarazzante. Taormina mi ha chiesto la disponibilit\u00e0 per organizzare la conferenza stampa di &#8220;Italia Libera&#8221;, un movimento che nel suo programma parla di pace e di grandi valori: la lista che mi \u00e8 arrivata era una lista senza dettagli, non cercavo pubblicit\u00e0 ma resto sorpreso da questa censura preventiva\u00bb.<\/p>\n\n\n\n<p>Risponde alle polemica e alla chiamata di Serracchiani la Presidenza di Montecitorio:<\/p>\n\n\n\n<p>\u00abIn riferimento alla conferenza stampa convocata per domani, mercoled\u00ec 16 novembre, su richiesta del deputato Francesco Gallo, deputato di Sud chiama Nord, \u00abla Presidenza della Camera dei deputati chiarisce che la responsabilit\u00e0 del merito delle iniziative che si tengono all\u2019interno della Camera, comprese le conferenze stampa, \u00e8 unicamente del deputato che promuove le iniziative stesse, a cui \u00e8 rimessa ogni valutazione sul piano dell\u2019opportunit\u00e0 delle iniziative\u00bb.<\/p>\n\n\n\n<p>Insomma Fontana non interviene e se ne lava le mani. Ad intervenire da Messina \u00e8 invece la referente di + Europa Messina e membro della direzione nazionale del partito <strong>Palmira Mancuso, <\/strong>che &#8220;solidarizza&#8221; ironicamente con Gallo:<\/p>\n\n\n\n<p>\u00abLa prenotazione della sala stampa alla Camera per \u201crestituire\u201d un favore all\u2019avvocato Taormina, difensore dell\u2019ex leader di Forza Nuova e del leader di Sicilia Vera, \u00e8 l\u2019ennesima prova di quanto il sistema De Luca si regga sulla inconsistenza politica dei suoi eletti.<\/p>\n\n\n\n<p><br>Francesco Gallo \u00e8 l\u2019esempio di come non esista autonomia di pensiero tra i deluchiani, eterodiretti, incapaci di dire \u201cno\u201d anche dinanzi a richieste non condivise. Esprimo dunque umana solidariet\u00e0 al deputato, ex assessore del Comune di Messina, che forse ha creduto di poter fare politica in Parlamento senza dover dare conto a chi lo ha fatto eleggere.<\/p>\n\n\n\n<p><br>Fa quasi tenerezza leggere le giustificazioni rilasciate al \u201cFatto Quotidiano\u201d in cui spiega di aver fatto entrare l\u2019imputato per l\u2019assalto della Cgil a Montecitorio, per \u201crispettare l\u2019impegno preso con Taormina\u201d nonostante non abbia \u201cfatto salti di gioia\u201d, assumendosi la responsabilit\u00e0 di far presentare il loro movimento non in una sala stampa qualsiasi ma dentro il Palazzo che rappresenta il cuore della democrazia\u00bb.<\/p>\n\n\n\n<p><br>Mancuso incalza, tirando in ballo direttamente il leader di Sud Chiama Nord e Sicilia Vera:<\/p>\n\n\n\n<p><br>\u00abPosto che sarebbe inutile chiedere a Gallo di esprimere la propria distanza dall\u2019estrema destra rappresentata da Castellino, chiediamo allora al suo \u201cpadrone politico\u201d di prendere le distanze e spiegare i termini del rapporto con Italia Libera e perch\u00e8 si \u00e8 prestato alla richiesta dell\u2019avvocato Taormina. De Luca ha lasciato la papata bollente nelle mani di Gallo, oggi suo malgrado al centro del dibattito politico&#8221;.<\/p>\n\n\n\n<p><br>\u201cMi auguro &#8211; conclude  &#8211; che tra gli esponenti del partito di De Luca qualcuno possa proferire parola: ma uno scatto d\u2019orgoglio politico ed autonomia di pensiero sarebbe inconciliabile col progetto sottoscritto prima dell\u2019elezione a tutti i livelli. L\u2019auspicio di avere una classe dirigente \u201cmessinese\u201d seppur in salsa deluchiana \u00e8 insomma, solo esercizio di retorica\u00bb.<\/p>\n\n\n\n<p><strong>di Michele Bruno.<\/strong><\/p>\n","protected":false},"excerpt":{"rendered":"<p>Un favore che rischia di diventare un boomerang per Cateno De Luca e il suo movimento Sud Chiama Nord. Nel mirino il suo deputato ed ex Vicesindaco di Messina Francesco Gallo. Non pu\u00f2 dire di no al suo avvocato De Luca. Non pu\u00f2 dire di no nemmeno Gallo al leader del Movimento che lo ha [&hellip;]<\/p>\n","protected":false},"author":123457,"featured_media":130065,"comment_status":"open","ping_status":"open","sticky":false,"template":"","format":"standard","meta":{"ub_ctt_via":"","_mi_skip_tracking":false},"categories":[19],"tags":[879,3813,5426,126,3206,3479,5425,5427],"featured_image_src":"https:\/\/www.messinaoggi.it\/website\/wp-content\/uploads\/2022\/11\/Gallo-castellino-e1668602638246.png","author_info":{"display_name":"Michele Bruno","author_link":"https:\/\/www.messinaoggi.it\/website\/author\/michele-bruno\/"},"digistream_id":0,"digistream":false,"_links":{"self":[{"href":"https:\/\/www.messinaoggi.it\/website\/wp-json\/wp\/v2\/posts\/130028"}],"collection":[{"href":"https:\/\/www.messinaoggi.it\/website\/wp-json\/wp\/v2\/posts"}],"about":[{"href":"https:\/\/www.messinaoggi.it\/website\/wp-json\/wp\/v2\/types\/post"}],"author":[{"embeddable":true,"href":"https:\/\/www.messinaoggi.it\/website\/wp-json\/wp\/v2\/users\/123457"}],"replies":[{"embeddable":true,"href":"https:\/\/www.messinaoggi.it\/website\/wp-json\/wp\/v2\/comments?post=130028"}],"version-history":[{"count":5,"href":"https:\/\/www.messinaoggi.it\/website\/wp-json\/wp\/v2\/posts\/130028\/revisions"}],"predecessor-version":[{"id":130080,"href":"https:\/\/www.messinaoggi.it\/website\/wp-json\/wp\/v2\/posts\/130028\/revisions\/130080"}],"wp:featuredmedia":[{"embeddable":true,"href":"https:\/\/www.messinaoggi.it\/website\/wp-json\/wp\/v2\/media\/130065"}],"wp:attachment":[{"href":"https:\/\/www.messinaoggi.it\/website\/wp-json\/wp\/v2\/media?parent=130028"}],"wp:term":[{"taxonomy":"category","embeddable":true,"href":"https:\/\/www.messinaoggi.it\/website\/wp-json\/wp\/v2\/categories?post=130028"},{"taxonomy":"post_tag","embeddable":true,"href":"https:\/\/www.messinaoggi.it\/website\/wp-json\/wp\/v2\/tags?post=130028"}],"curies":[{"name":"wp","href":"https:\/\/api.w.org\/{rel}","templated":true}]}}