{"id":130019,"date":"2022-11-16T11:39:44","date_gmt":"2022-11-16T10:39:44","guid":{"rendered":"http:\/\/www.messinaoggi.it\/website\/?p=130019"},"modified":"2022-11-16T11:39:45","modified_gmt":"2022-11-16T10:39:45","slug":"tra-digitalizzazione-e-inclusione-presentato-il-progetto-erasmus-oir","status":"publish","type":"post","link":"https:\/\/www.messinaoggi.it\/website\/2022\/11\/16\/tra-digitalizzazione-e-inclusione-presentato-il-progetto-erasmus-oir\/","title":{"rendered":"Tra digitalizzazione e inclusione: presentato il progetto Erasmus OIR"},"content":{"rendered":"\n<p>Creare per docenti e studenti delle scuole di ogni ordine e grado prodotti per mettere le nuove tecnologie al servizio dell\u2019inclusione. L\u2019Aula Magna del Rettorato ha ospitato, ieri, una rappresentanza studentesca degli Istituti scolastici messinesi Giovanni XXIII, Minutoli e Modica, con i loro docenti e dirigenti scolastici che hanno partecipato alla presentazione dei prodotti didattici innovativi del progetto internazionale Erasmus OIR (Open Innovative Resources).<div id=\"div-gpt-ad-Messinaoggi.it-DSK-300x250-corpoart\" style=\"text-align:center;margin:0 auto;\"><\/div><\/p>\n\n\n\n<p>Il progetto, coordinato per l\u2019Italia dal professor Francesco Pira, ha visto la partecipazione del gruppo di lavoro dei docenti dell\u2019Ateneo Peloritano e di una delegazione dei partner dell\u2019Universit\u00e0 di Oviedo (Spagna) e dell\u2019Universit\u00e0 \u201cMarie Curie\u201d di Lublino (Polonia).<div id=\"videoincontent\" style=\"clear:both\";><\/div><\/p>\n\n\n\n<p>Ad aprire i lavori il Rettore, professor Salvatore Cuzzocrea, che ha ringraziato le delegazioni internazionali per la presenza in Aula, e i docenti e rappresentanze studentesche dal ciclo elementare all\u2019Universit\u00e0. Il Rettore ha evidenziato l\u2019importanza di questa attivit\u00e0, ribadendo l\u2019importanza delle sinergie del lavoro in rete nella formazione degli Studenti per porre solide basi culturali nella loro vita. <\/p>\n\n\n\n<p>Sono intervenute per portare i saluti la dottoressa Dorota Chiluta in rappresentanza dell\u2019Universit\u00e0 di Lublino e la professoressa Marta Garcia in rappresentanza dell\u2019Universit\u00e0 di Oviedo. Ha coordinato e introdotto i lavori il professor Francesco Pira, che ha sottolineato la peculiarit\u00e0 del progetto, teso a creare per docenti e studenti delle scuole di ogni ordine e grado, prodotti per mettere le nuove tecnologie al servizio dell\u2019inclusione.<\/p>\n\n\n\n<p>Le attivit\u00e0 presentate hanno ripercorso i lavori svolti nell\u2019area della alfabetizzazione emotiva e linguaggio non violento della professoressa Carmela Mento; le potenzialit\u00e0 della didattica a distanza con attivit\u00e0 di inclusione culturale della professoressa Anna Maria Passaseo; teatro sociale e di comunit\u00e0 della professoressa Katia Trifir\u00f3; Diritto e in inclusione di studenti con disabilit\u00e0 e apprendimento della professoressa Cinzia Ingratoci ed, infine, Diritto sportivo ed inclusione del professor Francesco Rende.<\/p>\n\n\n\n<p>L\u2019occasione formativa e di divulgazione scientifica ha permesso un confronto degli studenti con esperti di metodologie didattiche innovative centrate sull\u2019evoluzione tecnologica e sui nuovi bisogni emergenti nel campo della formazione.<\/p>\n\n\n\n<p>Nel pomeriggio i docenti impegnati nel progetto delle tre Universit\u00e0 europee hanno proseguito i lavori del meeting internazionale che si concluder\u00e0 gioved\u00ec 17 novembre. Le notizie legate alla guerra tra Russia e Ucraina, ed in particolare il coinvolgimento del popolo e del territorio polacco, hanno turbato i lavori del meeting particolarmente apprezzato da tutti i presenti che con gli applausi ne hanno sottolineato il gradimento.<\/p>\n","protected":false},"excerpt":{"rendered":"<p>Creare per docenti e studenti delle scuole di ogni ordine e grado prodotti per mettere le nuove tecnologie al servizio dell\u2019inclusione. L\u2019Aula Magna del Rettorato ha ospitato, ieri, una rappresentanza studentesca degli Istituti scolastici messinesi Giovanni XXIII, Minutoli e Modica, con i loro docenti e dirigenti scolastici che hanno partecipato alla presentazione dei prodotti didattici [&hellip;]<\/p>\n","protected":false},"author":8,"featured_media":130022,"comment_status":"open","ping_status":"open","sticky":false,"template":"","format":"standard","meta":{"ub_ctt_via":"","_mi_skip_tracking":false},"categories":[7],"tags":[1201,4656,5422,5423,814],"featured_image_src":"https:\/\/www.messinaoggi.it\/website\/wp-content\/uploads\/2022\/11\/315900557_10160111112895734_6742589199599707609_n.jpg","author_info":{"display_name":"red..me","author_link":"https:\/\/www.messinaoggi.it\/website\/author\/redstage\/"},"digistream_id":0,"digistream":false,"_links":{"self":[{"href":"https:\/\/www.messinaoggi.it\/website\/wp-json\/wp\/v2\/posts\/130019"}],"collection":[{"href":"https:\/\/www.messinaoggi.it\/website\/wp-json\/wp\/v2\/posts"}],"about":[{"href":"https:\/\/www.messinaoggi.it\/website\/wp-json\/wp\/v2\/types\/post"}],"author":[{"embeddable":true,"href":"https:\/\/www.messinaoggi.it\/website\/wp-json\/wp\/v2\/users\/8"}],"replies":[{"embeddable":true,"href":"https:\/\/www.messinaoggi.it\/website\/wp-json\/wp\/v2\/comments?post=130019"}],"version-history":[{"count":1,"href":"https:\/\/www.messinaoggi.it\/website\/wp-json\/wp\/v2\/posts\/130019\/revisions"}],"predecessor-version":[{"id":130023,"href":"https:\/\/www.messinaoggi.it\/website\/wp-json\/wp\/v2\/posts\/130019\/revisions\/130023"}],"wp:featuredmedia":[{"embeddable":true,"href":"https:\/\/www.messinaoggi.it\/website\/wp-json\/wp\/v2\/media\/130022"}],"wp:attachment":[{"href":"https:\/\/www.messinaoggi.it\/website\/wp-json\/wp\/v2\/media?parent=130019"}],"wp:term":[{"taxonomy":"category","embeddable":true,"href":"https:\/\/www.messinaoggi.it\/website\/wp-json\/wp\/v2\/categories?post=130019"},{"taxonomy":"post_tag","embeddable":true,"href":"https:\/\/www.messinaoggi.it\/website\/wp-json\/wp\/v2\/tags?post=130019"}],"curies":[{"name":"wp","href":"https:\/\/api.w.org\/{rel}","templated":true}]}}