{"id":129968,"date":"2022-11-15T19:28:18","date_gmt":"2022-11-15T18:28:18","guid":{"rendered":"http:\/\/www.messinaoggi.it\/website\/?p=129968"},"modified":"2022-11-15T19:28:20","modified_gmt":"2022-11-15T18:28:20","slug":"bilancio-previsione-il-misto-alla-giunta-e-latitante","status":"publish","type":"post","link":"https:\/\/www.messinaoggi.it\/website\/2022\/11\/15\/bilancio-previsione-il-misto-alla-giunta-e-latitante\/","title":{"rendered":"Bilancio Previsione, il misto alla Giunta: &#8220;\u00e8 latitante&#8221;"},"content":{"rendered":"\n<p>I Consiglieri Comunali del gruppo misto Gaetano Orto, Adolfo Sabatini, Cristina Dante, Raffaele Rifici, Giorgia Santamaria, intervengono sulla questione relativa al Bilancio di previsione 2022-2024 del Comune di Lipari e attaccano l&#8217;Amministrazione: <div id=\"div-gpt-ad-Messinaoggi.it-DSK-300x250-corpoart\" style=\"text-align:center;margin:0 auto;\"><\/div><\/p>\n\n\n\n<p>&#8220;A Distanza di tre mesi dall\u2019ultima interrogazione siamo costretti nuovamente ad intervenire vista la totale latitanza dell\u2019Amministrazione nei confronti del Consiglio Comunale relativamente all\u2019approvazione del Bilancio di Previsione 2022-2024 e di alcuni fondamentali e importanti atti propedeutici.<div id=\"videoincontent\" style=\"clear:both\";><\/div><\/p>\n\n\n\n<p>Di contro assistiamo invece, in mancanza di notizie ufficiali e di un\u2019adeguata informazione rispettosa del ruolo di tutti i Consiglieri Comunali, e non solo di una parte, al rincorrersi di voci provenienti dagli ambienti pi\u00f9 variegati e\/o vicini all\u2019attuale maggioranza. \u201cVoci\u201d che se confermate potrebbero aprire scenari di \u201cfinanza creativa\u201d pericolosi per la stabilita finanziaria del nostro Ente per il quale invitiamo sin d\u2019ora gli organi in indirizzo, soprattutto quelli di garanzia, a voler vigilare segnalando a chi di competenza.<\/p>\n\n\n\n<p>Tra le tante voci che si rincorrono quella che pi\u00f9 ci lascia increduli \u00e8 la scellerata idea di rimuovere o azzerare nel prossimo Bilancio di Previsione i capitoli e gli stanziamenti in entrata e uscita previsti nell\u2019annualit\u00e0 2024 e relativi alla fatturazione e riscossione della tariffa legata ai servizi idrici al fine di quadrare i conti e abbassare cos\u00ec di circa TRE MILIONI il fondo crediti di dubbia esigibilit\u00e0.<\/p>\n\n\n\n<p>Un\u2019operazione pericolosissima non realizzata finora da nessun altro Comune, che riteniamo non trovi alcun fondamento nei principi contabili , ponendosi addirittura in contrasto con gli stessi.<\/p>\n\n\n\n<p>Sembrerebbe, infatti, che la creativa idea di eliminare o azzerare i predetti capitoli e stanziamenti in entrata e uscita previsti nell\u2019annualit\u00e0 2024 tragga origine e si fonda su una generica previsione legislativa del novembre 2021, il D.L. 6 novembre 2021 n. 152 <em>\u201cMisure per agevolare la realizzazione degli interventi finanziati con le risorse del Piano nazionale di ripresa e resilienza volti a fronteggiare il rischio di alluvione e il rischio idrogeologico\u201d.<\/em><\/p>\n\n\n\n<p>Il suddetto decreto prevede nello striminzito comma 1-quinquies dell\u2019art. 22 che entro il 30 settembre 2022, termine peraltro abbondantemente trapassato, segno evidente dell\u2019inaffidabilit\u00e0 dei termini stabiliti, le gestioni del servizio idrico in forma autonoma siano affidate al gestore unico da parte dell\u2019ente di governo dell\u2019ambito.<\/p>\n\n\n\n<p>Tale previsione, l\u2019ennesima, proprio per la sua genericit\u00e0, non regola e non disciplina le modalit\u00e0 di gestione e il ruolo dei Comuni e delle Regioni nella gestione unitaria, soprattutto in relazione alla fatturazione e riscossione della tariffa.<\/p>\n\n\n\n<p>Infatti, dovr\u00e0 essere la governance locale e regionale, attraverso i vari ambiti o l\u2019ambito unico (vedi delibera di Giunta Regionale n. 383 del 7\/09\/2021 \u201cApprovazione disegno di legge: &#8216;Regolazione unitaria del servizio idrico\u201d) a disciplinare la governance, le modalit\u00e0 di gestione e il ruolo dei vari Enti nella regolazione del servizio, anche e soprattutto per gli aspetti relativi alla fatturazione e riscossione della tariffa, che potrebbero ben rimanere in capo ai Comuni e per il quale, ad oggi, nulla \u00e8 stato disciplinato o regolamento.<\/p>\n\n\n\n<p>Se si pensa, infatti, agli ambiti territoriali relativi alla gestione del servizio rifiuti, dove la fatturazione e riscossione della tariffa \u00e8 rimasta in capo ai Comuni, \u00e8 facilmente prevedibile che anche la tariffa del servizio idrico rimanga in capo agli stessi, nonostante la gestione possa essere affidata ad un gestore unico e arrivare progressivamente ad una tariffa unitaria.<\/p>\n\n\n\n<p>Come si pu\u00f2, pertanto, pensare di eliminare o azzerare i capitoli e gli stanziamenti in entra e uscita dal prossimo bilancio di previsione previsti per l\u2019annualit\u00e0 2024 ignorando, o quanto meno sottovalutando, il principio contabile della prudenza alla luce della riforma finanziari della cosiddetta \u201carmonizzazione contabile\u201d che di fatto ha riunito il bilancio di previsione annuale e pluriennale pre-riforma in un unico documento finanziario pluriennale con natura autorizzatoria.<\/p>\n\n\n\n<p>Una siffatta operazione, finalizzata alla quadratura dei conti, potrebbe avere dei profili di dubbia legittimit\u00e0 e portare a delle responsabilit\u00e0 penali e finanziarie nei confronti di chi sar\u00e0 chiamato ad approvare in Consiglio il prossimo Bilancio di Previsione e nei confronti dei Dirigenti ed Organi chiamati ad apporre i dovuti pareri. L\u2019azzeramento e\/o l\u2019eliminazione dei capitoli e degli stanziamenti in entrata e uscita previsti nell\u2019annualit\u00e0 2024 relativi alla fatturazione e riscossione della tariffa dei servizi idrici potrebbe determinare l\u2019esclusione per il 2024 di un servizio essenziale e vitale per i nostri cittadini, come quello dell\u2019acqua, e\/o il sorgere di ingenti debiti per le casse dell\u2019Ente fino ad arrivare anche al dissesto finanziario.<\/p>\n\n\n\n<p>Se si pensa, infatti, che la superiore operazione era stata attuata in passato non soltanto sulla base di una semplice e generica previsione legislativa, peraltro presente a livello regionale fin dal 2015, ma soprattutto sulla base delle delibere di passaggio del servizio approvate dall\u2019Assemblea Territoriale Idrica (A.T.I.) dell\u2019Ambito Territoriale Ottimale (A.T.O.) e dal Consiglio Comunale di Lipari, nonch\u00e9 sulla sottoscrizione del contratto di servizi stipulato con l\u2019AMAM nella quale veniva regolamentato, tra l\u2019altro, il servizio di fatturazione e riscossione della tariffa trasferito all\u2019AMAM. Quello che \u00e8 successo dopo \u00e8 storia e dovrebbe servire a migliorare la gestione del nostro Comune. Invece, nonostante le condizioni siano di gran lunga peggiori, prive di regolamentazioni attuative e di qualsiasi contratto, piano d\u2019ambito o disciplinare posto in essere, nonch\u00e9 con scadenze temporali abbondantemente trapassate, assistiamo oggi al rincorrersi di voci che se confermate potrebbero minacciare la stabilita finanziaria del nostro Ente e la stessa credibilit\u00e0 del Bilancio che si andrebbe ad approvare.<\/p>\n\n\n\n<p>Riteniamo, infatti, che il raggiungimento dell\u2019equilibrio di Bilancio per tutte e tre le annualit\u00e0 debba avvenire sempre con la massima prudenza e in conformit\u00e0 ai vari principi contabili imposti dal legislatore al fine di evitare qualsiasi illegittimit\u00e0 o ipotesi di falso rilevabile dalla Procura della Corte dei Conti.<\/p>\n\n\n\n<p>Chiediamo, pertanto, al Sindaco di volerci rassicurare sulla improponibilit\u00e0 di siffatta ipotesi, rischiosa e a nostro giudizio priva di fondamenta, e ai restanti organi in indirizzo di vigilare e aggiornare i sottoscritti Consiglieri Comunali al fine di attuare tutte le necessarie azioni a tutela dell\u2019Ente Comunale, anche attraverso, se \u00e8 il caso, l\u2019intervento cautelativo e autorevole della Suprema Corte dei Conti&#8221;.<\/p>\n","protected":false},"excerpt":{"rendered":"<p>I Consiglieri Comunali del gruppo misto Gaetano Orto, Adolfo Sabatini, Cristina Dante, Raffaele Rifici, Giorgia Santamaria, intervengono sulla questione relativa al Bilancio di previsione 2022-2024 del Comune di Lipari e attaccano l&#8217;Amministrazione: &#8220;A Distanza di tre mesi dall\u2019ultima interrogazione siamo costretti nuovamente ad intervenire vista la totale latitanza dell\u2019Amministrazione nei confronti del Consiglio Comunale relativamente [&hellip;]<\/p>\n","protected":false},"author":15,"featured_media":4703,"comment_status":"open","ping_status":"open","sticky":false,"template":"","format":"standard","meta":{"ub_ctt_via":"","_mi_skip_tracking":false},"categories":[13,14],"tags":[5415,46,5416,4489,5417,3845,836,49,5418],"featured_image_src":"https:\/\/www.messinaoggi.it\/website\/wp-content\/uploads\/2017\/07\/lipari-isole-eolie-1-2.jpg","author_info":{"display_name":"red.me","author_link":"https:\/\/www.messinaoggi.it\/website\/author\/red-me\/"},"digistream_id":0,"digistream":false,"_links":{"self":[{"href":"https:\/\/www.messinaoggi.it\/website\/wp-json\/wp\/v2\/posts\/129968"}],"collection":[{"href":"https:\/\/www.messinaoggi.it\/website\/wp-json\/wp\/v2\/posts"}],"about":[{"href":"https:\/\/www.messinaoggi.it\/website\/wp-json\/wp\/v2\/types\/post"}],"author":[{"embeddable":true,"href":"https:\/\/www.messinaoggi.it\/website\/wp-json\/wp\/v2\/users\/15"}],"replies":[{"embeddable":true,"href":"https:\/\/www.messinaoggi.it\/website\/wp-json\/wp\/v2\/comments?post=129968"}],"version-history":[{"count":1,"href":"https:\/\/www.messinaoggi.it\/website\/wp-json\/wp\/v2\/posts\/129968\/revisions"}],"predecessor-version":[{"id":129971,"href":"https:\/\/www.messinaoggi.it\/website\/wp-json\/wp\/v2\/posts\/129968\/revisions\/129971"}],"wp:featuredmedia":[{"embeddable":true,"href":"https:\/\/www.messinaoggi.it\/website\/wp-json\/wp\/v2\/media\/4703"}],"wp:attachment":[{"href":"https:\/\/www.messinaoggi.it\/website\/wp-json\/wp\/v2\/media?parent=129968"}],"wp:term":[{"taxonomy":"category","embeddable":true,"href":"https:\/\/www.messinaoggi.it\/website\/wp-json\/wp\/v2\/categories?post=129968"},{"taxonomy":"post_tag","embeddable":true,"href":"https:\/\/www.messinaoggi.it\/website\/wp-json\/wp\/v2\/tags?post=129968"}],"curies":[{"name":"wp","href":"https:\/\/api.w.org\/{rel}","templated":true}]}}