{"id":129956,"date":"2022-11-15T19:12:17","date_gmt":"2022-11-15T18:12:17","guid":{"rendered":"http:\/\/www.messinaoggi.it\/website\/?p=129956"},"modified":"2022-11-15T19:12:18","modified_gmt":"2022-11-15T18:12:18","slug":"portella-arena-indagati-anche-de-luca-musolino-e-lombardo","status":"publish","type":"post","link":"https:\/\/www.messinaoggi.it\/website\/2022\/11\/15\/portella-arena-indagati-anche-de-luca-musolino-e-lombardo\/","title":{"rendered":"Portella Arena, indagati anche De Luca, Musolino e Lombardo"},"content":{"rendered":"\n<p>Continua ad avere seguito la vicenda riguardante il procedimento sul caso della discarica di Portella Arena. Un mese fa erano stati emessi i rinvii a giudizio per l&#8217;ex Sindaco <strong>Renato Accorinti,<\/strong> l&#8217;ex assessore all&#8217;Ambiente <strong>Daniele Ialacqua,<\/strong> il responsabile del procedimento\u00a0<strong>Salvatore Saglimbeni<\/strong>, l\u2019ex presidente di MessinAmbiente\u00a0<strong>Alessio Ciacci<\/strong>, il commissario che ne aveva preso il posto\u00a0<strong>Giovanni Calabr\u00f2<\/strong>, il primo amministratore unico di MessinaServizi,\u00a0<strong>Beniamino Ginatempo<\/strong>, e l\u2019ex direttore generale della partecipata\u00a0<strong>Aldo Iacomelli<\/strong>.<div id=\"div-gpt-ad-Messinaoggi.it-DSK-300x250-corpoart\" style=\"text-align:center;margin:0 auto;\"><\/div><\/p>\n\n\n\n<p>Dopo ci\u00f2, a inizio Novembre il pubblico ministero<strong> Rosanna Casabona,<\/strong> ha richiesto anche una proroga delle indagini, motivandola con &#8220;l\u2019oggettiva impossibilit\u00e0 di concludere le indagini, atteso che sono in corso ulteriori accertamenti da parte di questa autorit\u00e0 giudiziaria&#8221;.<div id=\"videoincontent\" style=\"clear:both\";><\/div><\/p>\n\n\n\n<p>I nuovi indagati sono di una certa rilevanza, visto che si tratta dell&#8217;ex sindaco\u00a0<strong>Cateno De Luca<\/strong>, dell\u2019ex assessore all\u2019Ambiente\u00a0<strong>Dafne Musolino<\/strong>\u00a0e dell\u2019ex presidente di MessinaServizi\u00a0<strong>Pippo Lombardo<\/strong>. Nella richiesta ci sarebbe anche\u00a0<strong>Armando Di Maria<\/strong>, ex direttore di MessinAmbiente, che per\u00f2 \u00e8 morto ad agosto del 2021. Il periodo a cui l&#8217;indagine \u00e8 stata estesa \u00e8 fino all&#8217;Ottobre 2020. Saranno accordati altri sei mesi utili per indagare. <\/p>\n\n\n\n<p>Contestata ai nuovi indagati la gestione di un&#8217;altra discarica, pur se all&#8217;interno dello stesso procedimento che riguarda quella di Portella Arena.<\/p>\n\n\n\n<p>Agli imputati rinviati a giudizio erano contestati rifiuto di atti d\u2019ufficio per il profilo della mancata messa in sicurezza (Accorinti, Ialacqua, Saglimbeni), rifiuto d&#8217;atti d&#8217;ufficio per la mancata raccolta di pergolato, getto pericoloso di cose e gestione di rifiuti non autorizzata (Ciacci, Calabr\u00f2, Ginatempo, Iacomelli).<\/p>\n\n\n\n<p><\/p>\n","protected":false},"excerpt":{"rendered":"<p>Continua ad avere seguito la vicenda riguardante il procedimento sul caso della discarica di Portella Arena. Un mese fa erano stati emessi i rinvii a giudizio per l&#8217;ex Sindaco Renato Accorinti, l&#8217;ex assessore all&#8217;Ambiente Daniele Ialacqua, il responsabile del procedimento\u00a0Salvatore Saglimbeni, l\u2019ex presidente di MessinAmbiente\u00a0Alessio Ciacci, il commissario che ne aveva preso il posto\u00a0Giovanni Calabr\u00f2, [&hellip;]<\/p>\n","protected":false},"author":15,"featured_media":45324,"comment_status":"open","ping_status":"open","sticky":false,"template":"","format":"standard","meta":{"ub_ctt_via":"","_mi_skip_tracking":false},"categories":[19],"tags":[5412,126,167,5411,1363,5236,1177,1554,5013,981,683,5413],"featured_image_src":"https:\/\/www.messinaoggi.it\/website\/wp-content\/uploads\/2020\/07\/cateno-de-luca-1.jpg","author_info":{"display_name":"red.me","author_link":"https:\/\/www.messinaoggi.it\/website\/author\/red-me\/"},"digistream_id":0,"digistream":false,"_links":{"self":[{"href":"https:\/\/www.messinaoggi.it\/website\/wp-json\/wp\/v2\/posts\/129956"}],"collection":[{"href":"https:\/\/www.messinaoggi.it\/website\/wp-json\/wp\/v2\/posts"}],"about":[{"href":"https:\/\/www.messinaoggi.it\/website\/wp-json\/wp\/v2\/types\/post"}],"author":[{"embeddable":true,"href":"https:\/\/www.messinaoggi.it\/website\/wp-json\/wp\/v2\/users\/15"}],"replies":[{"embeddable":true,"href":"https:\/\/www.messinaoggi.it\/website\/wp-json\/wp\/v2\/comments?post=129956"}],"version-history":[{"count":1,"href":"https:\/\/www.messinaoggi.it\/website\/wp-json\/wp\/v2\/posts\/129956\/revisions"}],"predecessor-version":[{"id":129967,"href":"https:\/\/www.messinaoggi.it\/website\/wp-json\/wp\/v2\/posts\/129956\/revisions\/129967"}],"wp:featuredmedia":[{"embeddable":true,"href":"https:\/\/www.messinaoggi.it\/website\/wp-json\/wp\/v2\/media\/45324"}],"wp:attachment":[{"href":"https:\/\/www.messinaoggi.it\/website\/wp-json\/wp\/v2\/media?parent=129956"}],"wp:term":[{"taxonomy":"category","embeddable":true,"href":"https:\/\/www.messinaoggi.it\/website\/wp-json\/wp\/v2\/categories?post=129956"},{"taxonomy":"post_tag","embeddable":true,"href":"https:\/\/www.messinaoggi.it\/website\/wp-json\/wp\/v2\/tags?post=129956"}],"curies":[{"name":"wp","href":"https:\/\/api.w.org\/{rel}","templated":true}]}}