{"id":129926,"date":"2022-11-15T15:07:51","date_gmt":"2022-11-15T14:07:51","guid":{"rendered":"https:\/\/www.messinaoggi.it\/website\/2022\/11\/15\/i-ragazzi-del-centro-scelgono-i-licei-nel-nord-est-scuole-tecniche\/"},"modified":"2022-11-15T15:07:51","modified_gmt":"2022-11-15T14:07:51","slug":"i-ragazzi-del-centro-scelgono-i-licei-nel-nord-est-scuole-tecniche","status":"publish","type":"post","link":"https:\/\/www.messinaoggi.it\/website\/2022\/11\/15\/i-ragazzi-del-centro-scelgono-i-licei-nel-nord-est-scuole-tecniche\/","title":{"rendered":"I ragazzi del Centro scelgono i licei, nel Nord-Est scuole tecniche"},"content":{"rendered":"<div>GENOVA (ITALPRESS) &#8211; I ragazzi del Centro Italia sono attratti dai licei, quelli del Nord Est puntano sugli istituti tecnici, mentre quelli di Emilia-Romagna, Puglia, Basilicata e Liguria optano per i professionali. Lo scenario dell&#8217;orientamento scolastico nel nostro Paese \u00e8 al centro del Salone Orientamenti di Genova, organizzato dalla Regione Liguria, che si \u00e8 aperto oggi ai Magazzini del Cotone del Porto Antico e si chiuder\u00e0 gioved\u00ec 17 novembre.\u00a0Quello che \u00e8 diventato ormai uno degli appuntamenti di riferimento per il mondo della scuola e del lavoro propone, in questa 27^ edizione, 350 eventi in presenza e online e 800 testimonial, ospita 140 espositori, 84 aziende che offrono quasi 1.000 opportunit\u00e0 di lavoro alle migliaia di studenti che parteciperanno con la guida di 400 coetanei chiamati &#8220;bussole&#8221;.<br \/>&#8220;Orientamenti &#8211; ha commentato\u00a0il presidente di Regione Liguria Giovanni Toti\u00a0&#8211;\u00a0\u00e8 un&#8217;occasione fondamentale in cui si parla di futuro dei nostri giovani, di lavoro, di crescita e di tutto quello di cui l&#8217;Italia ha bisogno. Il Salone \u00e8 un benchmark nazionale nel settore della formazione e dell&#8217;orientamento perch\u00e8 in queste sale costruiamo l&#8217;infrastruttura pi\u00f9 importante del Paese: testa, volont\u00e0 e cuore dei ragazzi che saranno il motore dell&#8217;Italia nei prossimi anni&#8221;.\u00a0<br \/>Il Lazio detiene il primato italiano di studenti iscritti nei licei (63,4%) soprattutto scientifico, seguito da linguistico e scienze umane che ha superato anche il classico. In seconda posizione l&#8217;Abruzzo (57,9%) e in terza l&#8217;Umbria (55,5%). Veneto (42,8%) ed E-Romagna (44,2%) agli ultimi due posti per la scelta dei licei a fronte di una media nazionale del 51%. Di contro i ragazzi veneti si iscrivono pi\u00f9 che altrove negli istituti tecnici: 38,6%, quasi 7 punti percentuali oltre la media italiana (31,7%) e su livelli di poco inferiori FVG (37,3%) e Lombardia (36,2%). Lazio (25%) e Campania (27,3%) le regioni con meno iscritti. Sul fronte dei professionali la leadership spetta all&#8217;E-Romagna: 20,3% degli iscritti. Al di sopra delle media italiana (17,3%) anche Puglia (19,4%), Basilicata (19,3%) e Liguria (18,7%).<br \/>In Italia si contano 128 ITS (Istituti Tecnici Superiori) distribuiti in tutta la Penisola. Ai ragazzi presenti al Salone \u00e8 stato raccontato con testimonianze dirette l&#8217;universo degli ITS e delle opportunit\u00e0 che offrono. A parlane con i ragazzi Ilaria Cavo, ex assessore regionale all&#8217;istruzione e formazione della Regione Liguria, il vice presidente di Confindustria Giovanni Brugnoli, gli assessori regionali del Lazio Claudio Di Berardino, della Toscana Alessandra Nardini e Marco Scajola, assessore alla formazione e orientamento della Regione Liguria.<br \/>&#8220;Possiamo dire che mai come oggi &#8211; afferma Guido Torrielli, presidente della Rete ITS Italy &#8211; \u00e8 davvero il tempo degli ITS. La recente riforma ha creato le condizioni per uno sviluppo del sistema di formazione tecnica post-diploma. Grazie al lavoro che stiamo svolgendo siamo fiduciosi di poter dare agli Istituti gli strumenti indispensabili per il raggiungimento degli obiettivi fissati, a partire da quello dei 44 mila iscritti nel 2026&#8221;. <br \/>&#8220;Quello sugli ITS &#8211; ha commentato l&#8217;assessore alla Formazione e all&#8217;Orientamento di Regione Liguria Marco Scajola &#8211; \u00e8 un approfondimento che abbiamo fortemente voluto in questa edizione di Orientamenti perch\u00e8 i numeri dimostrano il successo e il valore che portano alle persone e al mondo del lavoro grazie all&#8217;alto contenuto tecnologico e innovativo dei corsi e a un modello basato sulla collaborazione tra imprese, scuola e universit\u00e0&#8221;.<div id=\"div-gpt-ad-Messinaoggi.it-DSK-300x250-corpoart\" style=\"text-align:center;margin:0 auto;\"><\/div><\/p>\n<p>&#8211; foto ufficio stampa Salone Orientamenti &#8211;<br \/>(ITALPRESS).<\/div>\n<div id=\"videoincontent\" style=\"clear:both\";><\/div>","protected":false},"excerpt":{"rendered":"<p>GENOVA (ITALPRESS) &#8211; I ragazzi del Centro Italia sono attratti dai licei, quelli del Nord Est puntano sugli istituti tecnici, mentre quelli di Emilia-Romagna, Puglia, Basilicata e Liguria optano per i professionali. Lo scenario dell&#8217;orientamento scolastico nel nostro Paese \u00e8 al centro del Salone Orientamenti di Genova, organizzato dalla Regione Liguria, che si \u00e8 aperto [&hellip;]<\/p>\n","protected":false},"author":18,"featured_media":129927,"comment_status":"closed","ping_status":"closed","sticky":false,"template":"","format":"standard","meta":{"ub_ctt_via":"","_mi_skip_tracking":false},"categories":[446],"tags":[783],"featured_image_src":"https:\/\/www.messinaoggi.it\/website\/wp-content\/uploads\/2022\/11\/20221115_0802.jpg","author_info":{"display_name":"Admin","author_link":"https:\/\/www.messinaoggi.it\/website\/author\/admin\/"},"digistream_id":0,"digistream":false,"_links":{"self":[{"href":"https:\/\/www.messinaoggi.it\/website\/wp-json\/wp\/v2\/posts\/129926"}],"collection":[{"href":"https:\/\/www.messinaoggi.it\/website\/wp-json\/wp\/v2\/posts"}],"about":[{"href":"https:\/\/www.messinaoggi.it\/website\/wp-json\/wp\/v2\/types\/post"}],"author":[{"embeddable":true,"href":"https:\/\/www.messinaoggi.it\/website\/wp-json\/wp\/v2\/users\/18"}],"replies":[{"embeddable":true,"href":"https:\/\/www.messinaoggi.it\/website\/wp-json\/wp\/v2\/comments?post=129926"}],"version-history":[{"count":0,"href":"https:\/\/www.messinaoggi.it\/website\/wp-json\/wp\/v2\/posts\/129926\/revisions"}],"wp:featuredmedia":[{"embeddable":true,"href":"https:\/\/www.messinaoggi.it\/website\/wp-json\/wp\/v2\/media\/129927"}],"wp:attachment":[{"href":"https:\/\/www.messinaoggi.it\/website\/wp-json\/wp\/v2\/media?parent=129926"}],"wp:term":[{"taxonomy":"category","embeddable":true,"href":"https:\/\/www.messinaoggi.it\/website\/wp-json\/wp\/v2\/categories?post=129926"},{"taxonomy":"post_tag","embeddable":true,"href":"https:\/\/www.messinaoggi.it\/website\/wp-json\/wp\/v2\/tags?post=129926"}],"curies":[{"name":"wp","href":"https:\/\/api.w.org\/{rel}","templated":true}]}}