{"id":129914,"date":"2022-11-15T13:09:30","date_gmt":"2022-11-15T12:09:30","guid":{"rendered":"https:\/\/www.messinaoggi.it\/website\/2022\/11\/15\/covid-gemmato-senza-vaccini-sarebbe-andata-peggio-non-ce-prova\/"},"modified":"2022-11-15T18:51:27","modified_gmt":"2022-11-15T17:51:27","slug":"covid-gemmato-senza-vaccini-sarebbe-andata-peggio-non-ce-prova","status":"publish","type":"post","link":"https:\/\/www.messinaoggi.it\/website\/2022\/11\/15\/covid-gemmato-senza-vaccini-sarebbe-andata-peggio-non-ce-prova\/","title":{"rendered":"Covid, Gemmato \u201cSenza vaccini sarebbe andata peggio? Non c\u2019\u00e8 prova\u201d"},"content":{"rendered":"<div>ROMA (ITALPRESS) &#8211; &#8220;Per larga parte della pandemia l&#8217;Italia \u00e8 stata prima per mortalit\u00e0 e terza per letalit\u00e0, quindi questi grandi risultati non li vedo raggiunti&#8221;. Lo ha detto il sottosegretario alla Salute Marcello Gemmato, a &#8220;Restart&#8221; su Rai2. Al vicedirettore del Corriere della Sera Aldo Cazzullo, che ha risposto che &#8220;senza vaccini sarebbe stato peggio&#8221;, il sottosegretario ha controreplicato: &#8220;Questo lo dice lei, non abbiamo l&#8217;onere della prova inversa. Ma non cado nella trappola di schierarmi a favore o contro i vaccini&#8221;.<br \/>-foto agenziafotogramma.it-<br \/>(ITALPRESS).<\/div>\n<div id=\"div-gpt-ad-Messinaoggi.it-DSK-300x250-corpoart\" style=\"text-align:center;margin:0 auto;\"><\/div><\/p><div id=\"videoincontent\" style=\"clear:both\";><\/div>","protected":false},"excerpt":{"rendered":"<p>ROMA (ITALPRESS) &#8211; &#8220;Per larga parte della pandemia l&#8217;Italia \u00e8 stata prima per mortalit\u00e0 e terza per letalit\u00e0, quindi questi grandi risultati non li vedo raggiunti&#8221;. Lo ha detto il sottosegretario alla Salute Marcello Gemmato, a &#8220;Restart&#8221; su Rai2. Al vicedirettore del Corriere della Sera Aldo Cazzullo, che ha risposto che &#8220;senza vaccini sarebbe stato [&hellip;]<\/p>\n","protected":false},"author":18,"featured_media":129915,"comment_status":"closed","ping_status":"closed","sticky":false,"template":"","format":"standard","meta":{"ub_ctt_via":"","_mi_skip_tracking":false},"categories":[221,446],"tags":[783],"featured_image_src":"https:\/\/www.messinaoggi.it\/website\/wp-content\/uploads\/2022\/11\/20221115_0552.jpg","author_info":{"display_name":"Admin","author_link":"https:\/\/www.messinaoggi.it\/website\/author\/admin\/"},"digistream_id":0,"digistream":false,"_links":{"self":[{"href":"https:\/\/www.messinaoggi.it\/website\/wp-json\/wp\/v2\/posts\/129914"}],"collection":[{"href":"https:\/\/www.messinaoggi.it\/website\/wp-json\/wp\/v2\/posts"}],"about":[{"href":"https:\/\/www.messinaoggi.it\/website\/wp-json\/wp\/v2\/types\/post"}],"author":[{"embeddable":true,"href":"https:\/\/www.messinaoggi.it\/website\/wp-json\/wp\/v2\/users\/18"}],"replies":[{"embeddable":true,"href":"https:\/\/www.messinaoggi.it\/website\/wp-json\/wp\/v2\/comments?post=129914"}],"version-history":[{"count":1,"href":"https:\/\/www.messinaoggi.it\/website\/wp-json\/wp\/v2\/posts\/129914\/revisions"}],"predecessor-version":[{"id":129957,"href":"https:\/\/www.messinaoggi.it\/website\/wp-json\/wp\/v2\/posts\/129914\/revisions\/129957"}],"wp:featuredmedia":[{"embeddable":true,"href":"https:\/\/www.messinaoggi.it\/website\/wp-json\/wp\/v2\/media\/129915"}],"wp:attachment":[{"href":"https:\/\/www.messinaoggi.it\/website\/wp-json\/wp\/v2\/media?parent=129914"}],"wp:term":[{"taxonomy":"category","embeddable":true,"href":"https:\/\/www.messinaoggi.it\/website\/wp-json\/wp\/v2\/categories?post=129914"},{"taxonomy":"post_tag","embeddable":true,"href":"https:\/\/www.messinaoggi.it\/website\/wp-json\/wp\/v2\/tags?post=129914"}],"curies":[{"name":"wp","href":"https:\/\/api.w.org\/{rel}","templated":true}]}}