{"id":12983,"date":"2017-12-13T14:44:02","date_gmt":"2017-12-13T13:44:02","guid":{"rendered":"http:\/\/www.messinaoggi.it\/website\/?p=12983"},"modified":"2017-12-13T14:44:02","modified_gmt":"2017-12-13T13:44:02","slug":"museo-todaro-nascera-a-forte-san-salvatore-dedicato-al-grande-eroe-della-marina","status":"publish","type":"post","link":"https:\/\/www.messinaoggi.it\/website\/2017\/12\/13\/museo-todaro-nascera-a-forte-san-salvatore-dedicato-al-grande-eroe-della-marina\/","title":{"rendered":"Museo Todaro nascer\u00e0 a Forte San Salvatore, dedicato al grande eroe della Marina"},"content":{"rendered":"<p style=\"text-align: justify\">Domani giornata commemorativa nella Base Navale di Messina e conferenza stampa al Forte San Salvatore, che ospiter\u00e0 il prestigioso spazio con la raccolta di cimeli, documenti, effetti personali del protagonista della II guerra mondiale. Si rinnova anche quest\u2019anno per tutta la mattinata del 14 dicembre, nella Base Navale di Messina alla presenza del Comandante Marisuplog CV\u00a0<strong>Santi Giacomo Legrottaglie<\/strong>, l\u2019evento per il 75esimo anniversario della scomparsa di uno degli uomini pi\u00f9 amati dalla Marina ed eroe umano della seconda guerra mondiale MOVM Capitano di Corvetta\u00a0<strong>Salvatore Todaro.<\/strong><div id=\"div-gpt-ad-Messinaoggi.it-DSK-300x250-corpoart\" style=\"text-align:center;margin:0 auto;\"><\/div><\/p>\n<p style=\"text-align: justify\">Tra le varie iniziative, l\u2019allestimento nella Sala Storica del Forte S. Salvatore di un museo permanente dei cimeli e degli effetti personali dell\u2019eroe che, grazie all&#8217;iniziativa del dott.\u00a0<strong>Salvatore Totaro<\/strong> gi\u00e0 promotore di vari eventi a lui dedicati e presidente dell&#8217;associazione &#8220;Salvatore Todaro&#8221; e della figlia\u00a0<strong>Graziella Totaro<\/strong>\u00a0con la sua famiglia si sta donando alla Marina in onore della memoria del congiunto. Lo spazio, che prende il nome di \u201cMuseo Todaro&#8221; dal 1942 ad oggi \u00e8 stato richiesto in tante altre prestigiose sedi, ma non aveva trovato divenire e domani (14 dicembre) diventa una realt\u00e0 eccezionale per la Marina Militare e per la citt\u00e0 di Messina, che ha dato i natali allo storico capitano. La giornata, cui prenderanno parte anche il presidente del Rotary Club Messina,\u00a0<strong>Alfonso Polto<\/strong>\u00a0e il presidente del Conservatorio Corelli\u00a0<strong>Giuseppe Ministeri<\/strong>, si aprir\u00e0 con la deposizione di una corona presso il monumento a lui dedicato alla Base Navale (ore 9), seguir\u00e0 l&#8217;incontro &#8211; conferenza nella sala del Forte (ore 10), arricchita dall&#8217;esposizione internazionale &#8220;Il mare nomade dell&#8217;arte&#8221; e infine (ore 11) il concerto del Conservatorio messinese.<div id=\"videoincontent\" style=\"clear:both\";><\/div><\/p>\n","protected":false},"excerpt":{"rendered":"<p>Domani giornata commemorativa nella Base Navale di Messina e conferenza stampa al Forte San Salvatore, che ospiter\u00e0 il prestigioso spazio con la raccolta di cimeli, documenti, effetti personali del protagonista della II guerra mondiale. Si rinnova anche quest\u2019anno per tutta la mattinata del 14 dicembre, nella Base Navale di Messina alla presenza del Comandante Marisuplog [&hellip;]<\/p>\n","protected":false},"author":7,"featured_media":12985,"comment_status":"closed","ping_status":"open","sticky":false,"template":"","format":"standard","meta":{"ub_ctt_via":"","_mi_skip_tracking":false},"categories":[5],"tags":[],"featured_image_src":"https:\/\/www.messinaoggi.it\/website\/wp-content\/uploads\/2017\/12\/forte-san-salvatore-marina-militare-messinaoggi.jpg","author_info":{"display_name":"Redazione1","author_link":"https:\/\/www.messinaoggi.it\/website\/author\/redazione1\/"},"digistream_id":0,"digistream":false,"_links":{"self":[{"href":"https:\/\/www.messinaoggi.it\/website\/wp-json\/wp\/v2\/posts\/12983"}],"collection":[{"href":"https:\/\/www.messinaoggi.it\/website\/wp-json\/wp\/v2\/posts"}],"about":[{"href":"https:\/\/www.messinaoggi.it\/website\/wp-json\/wp\/v2\/types\/post"}],"author":[{"embeddable":true,"href":"https:\/\/www.messinaoggi.it\/website\/wp-json\/wp\/v2\/users\/7"}],"replies":[{"embeddable":true,"href":"https:\/\/www.messinaoggi.it\/website\/wp-json\/wp\/v2\/comments?post=12983"}],"version-history":[{"count":0,"href":"https:\/\/www.messinaoggi.it\/website\/wp-json\/wp\/v2\/posts\/12983\/revisions"}],"wp:featuredmedia":[{"embeddable":true,"href":"https:\/\/www.messinaoggi.it\/website\/wp-json\/wp\/v2\/media\/12985"}],"wp:attachment":[{"href":"https:\/\/www.messinaoggi.it\/website\/wp-json\/wp\/v2\/media?parent=12983"}],"wp:term":[{"taxonomy":"category","embeddable":true,"href":"https:\/\/www.messinaoggi.it\/website\/wp-json\/wp\/v2\/categories?post=12983"},{"taxonomy":"post_tag","embeddable":true,"href":"https:\/\/www.messinaoggi.it\/website\/wp-json\/wp\/v2\/tags?post=12983"}],"curies":[{"name":"wp","href":"https:\/\/api.w.org\/{rel}","templated":true}]}}