{"id":12980,"date":"2017-12-13T14:54:27","date_gmt":"2017-12-13T13:54:27","guid":{"rendered":"http:\/\/www.messinaoggi.it\/website\/?p=12980"},"modified":"2017-12-13T14:54:27","modified_gmt":"2017-12-13T13:54:27","slug":"itinerari-bus-trek-dal-5-gennaio-al-2-dicembre-2018-ben-35-escursioni-con-12-bus-trekking","status":"publish","type":"post","link":"https:\/\/www.messinaoggi.it\/website\/2017\/12\/13\/itinerari-bus-trek-dal-5-gennaio-al-2-dicembre-2018-ben-35-escursioni-con-12-bus-trekking\/","title":{"rendered":"Itinerari \u201cBus &#038; Trek\u201d, dal 5 gennaio al 2 dicembre 2018 ben 35 escursioni con 12 bus-trekking"},"content":{"rendered":"<p style=\"text-align: justify\">Bus &amp; Trek, nato dall\u2019esperienza nazionale della UISP, \u00e8 un progetto di 35 itinerari escursionistici urbani ed extraurbani percorribili sul territorio di Messina i cui punti di partenza ed arrivo coincidono con fermate di mezzi pubblici municipali (autobus e\/o tram) per i quali rimangono valide le tabelle orarie in vigore. Sar\u00e0 prodotta una guida cartacea, oltre a d\u00e9pliant, cartellonistica, segnaletica, app ed ogni altro supporto atto ad aumentarne conoscenza e fruibilit\u00e0.<div id=\"div-gpt-ad-Messinaoggi.it-DSK-300x250-corpoart\" style=\"text-align:center;margin:0 auto;\"><\/div><\/p>\n<p style=\"text-align: justify\">Presenti il sindaco, Renato Accorinti e l\u2019assessore allo Sviluppo Economico e Turismo, Guido Signorino, si \u00e8 svolto oggi a Palazzo Zanca un incontro pubblico, aperto alla stampa, per la presentazione dell\u2019iniziativa \u201cBus &amp; Trek\u201d. Il progetto, proposto dall\u2019assessorato al Turismo, in collaborazione con UISP, Camminare i Peloritani, Armonie dello Spirito, AMAM, ATM, Istituto Tecnico Jaci e Touring Club Italiano, \u00e8 rivolto ai cittadini messinesi, visitatori e turisti che vorranno aderire partecipando agli itinerari di trekking. I percorsi, di straordinaria valenza paesaggistica, sono previsti mensilmente a partire da gennaio 2018 per l\u2019intero anno.<div id=\"videoincontent\" style=\"clear:both\";><\/div><\/p>\n<p style=\"text-align: justify\">\u201cAbbiamo promosso con grande piacere questa offerta che rappresenta un\u2019opportunit\u00e0 per la valorizzazione della Citt\u00e0, dei suoi Monti Peloritani e di alcuni Fori Umbertini \u2013 hanno dichiarato il sindaco Accorinti e l\u2019assessore Signorino \u2013 per cittadini e turisti i cammini costituiranno attrazione e riscoperta dello splendido territorio messinese, producendo occasioni di riflessione, formazione e crescita nei partecipanti, e stimolando la loro attenzione. La fusione dell\u2019esercizio del cammino e l\u2019utilizzo del mezzo pubblico indicano uno stile di vita sostenibile, riducendo l\u2019impatto ambientale a favore dell\u2019integrazione della collettivit\u00e0\u201d. Ecco il calendario, sino a dicembre 2018, di dodici bus-trekking da realizzare per pubblicizzare il progetto. 5 gennaio 2018: Chiesa Badiazza\u2013Museo della Musica e Cultura popolare dei Peloritani, partenza Badiazza ore 8.30 e rientro alle 15; 11 febbraio: Borghi di S. Stefano Medio e S. Stefano Briga; 11 marzo sentiero ABC\u2013Madunnuzza (SP50bis Quattro Strade\u2013Dinnammare, partenza Puntal Ferraro); 15 aprile: Vivicitt\u00e0, Municipio-S. Giovanni di Malta-Casa Pia-Forte Ogliastri- Seminario S. Pio X-Circonvallazione-Cristo Re-Montalto-Piazza Antonello; 12 maggio: Sentiero Badiazza-Laudato s\u00ec, partenza e arrivo Badiazza; 10 giugno: Foresta di Camaro (SP50bis Quattro Strade-Dinnammare, partenza e arrivo Puntal Ferraro); 15 luglio: Annunziata-S. Jachiddu-Seminario S. Pio X, partenza Cittadella Universitaria-viale Annunziata, arrivo piazza S. Matteo; 12 agosto: Anello dei Laghi di Ganzirri (passeggiata serale); 15 settembre: Bosco di Ziri\u00f2 (SP50bis Quattro Strade-Dinnammare, partenza e arrivo portella Croce Cumia); 14 ottobre: Piazza Universit\u00e0-Duomo-Chiesa dei Catalani-Chiesa S. Maria Alemanna-Chiesa S. Elia-Villetta S. Raineri-Real Cittadella-Lanterna Montorsoli-Forte S. Salvatore; 18 novembre: Cascata di S. Filippo e Valle dei Mulini S. Filippo Superiore; 2 dicembre: Villa Dante-Gran Camposanto-Palmara-Acquedotto Gonzaga-Forte Gonzaga-Circonvallazione-Orto Botanico.<\/p>\n","protected":false},"excerpt":{"rendered":"<p>Bus &amp; Trek, nato dall\u2019esperienza nazionale della UISP, \u00e8 un progetto di 35 itinerari escursionistici urbani ed extraurbani percorribili sul territorio di Messina i cui punti di partenza ed arrivo coincidono con fermate di mezzi pubblici municipali (autobus e\/o tram) per i quali rimangono valide le tabelle orarie in vigore. Sar\u00e0 prodotta una guida cartacea, [&hellip;]<\/p>\n","protected":false},"author":7,"featured_media":6897,"comment_status":"closed","ping_status":"open","sticky":false,"template":"","format":"standard","meta":{"ub_ctt_via":"","_mi_skip_tracking":false},"categories":[5],"tags":[],"featured_image_src":"https:\/\/www.messinaoggi.it\/website\/wp-content\/uploads\/2017\/08\/accorinti-signorino-messinaoggi-2.jpg","author_info":{"display_name":"Redazione1","author_link":"https:\/\/www.messinaoggi.it\/website\/author\/redazione1\/"},"digistream_id":0,"digistream":false,"_links":{"self":[{"href":"https:\/\/www.messinaoggi.it\/website\/wp-json\/wp\/v2\/posts\/12980"}],"collection":[{"href":"https:\/\/www.messinaoggi.it\/website\/wp-json\/wp\/v2\/posts"}],"about":[{"href":"https:\/\/www.messinaoggi.it\/website\/wp-json\/wp\/v2\/types\/post"}],"author":[{"embeddable":true,"href":"https:\/\/www.messinaoggi.it\/website\/wp-json\/wp\/v2\/users\/7"}],"replies":[{"embeddable":true,"href":"https:\/\/www.messinaoggi.it\/website\/wp-json\/wp\/v2\/comments?post=12980"}],"version-history":[{"count":0,"href":"https:\/\/www.messinaoggi.it\/website\/wp-json\/wp\/v2\/posts\/12980\/revisions"}],"wp:featuredmedia":[{"embeddable":true,"href":"https:\/\/www.messinaoggi.it\/website\/wp-json\/wp\/v2\/media\/6897"}],"wp:attachment":[{"href":"https:\/\/www.messinaoggi.it\/website\/wp-json\/wp\/v2\/media?parent=12980"}],"wp:term":[{"taxonomy":"category","embeddable":true,"href":"https:\/\/www.messinaoggi.it\/website\/wp-json\/wp\/v2\/categories?post=12980"},{"taxonomy":"post_tag","embeddable":true,"href":"https:\/\/www.messinaoggi.it\/website\/wp-json\/wp\/v2\/tags?post=12980"}],"curies":[{"name":"wp","href":"https:\/\/api.w.org\/{rel}","templated":true}]}}