{"id":129799,"date":"2022-11-14T16:08:36","date_gmt":"2022-11-14T15:08:36","guid":{"rendered":"http:\/\/www.messinaoggi.it\/website\/?p=129799"},"modified":"2022-11-14T16:09:06","modified_gmt":"2022-11-14T15:09:06","slug":"la-vardera-aggredito-solidarieta-di-de-luca-e-lo-giudice","status":"publish","type":"post","link":"https:\/\/www.messinaoggi.it\/website\/2022\/11\/14\/la-vardera-aggredito-solidarieta-di-de-luca-e-lo-giudice\/","title":{"rendered":"La Vardera aggredito, solidariet\u00e0 di De Luca e Lo Giudice"},"content":{"rendered":"\n<p>Dopo l&#8217;aggressione subita dal Presidente di Sud Chiama Nord<strong> Ismaele La Vardera,<\/strong> durante la quale ha ricevuto epiteti ingiuriosi ed offensivi, il leader del movimento <strong>Cateno De Luca<\/strong> e il coordinatore regionale di Sicilia Vera <strong>Danilo Lo Giudice,<\/strong> esprimono la loro solidariet\u00e0 al deputato e la loro indignazione verso l&#8217;accaduto:<div id=\"div-gpt-ad-Messinaoggi.it-DSK-300x250-corpoart\" style=\"text-align:center;margin:0 auto;\"><\/div><\/p>\n\n\n\n<p>\u201cCondanniamo fermamente il grave episodio intimidatorio ai danni del deputato e presidente nazionale di Sud chiama nord Ismaele La Vardera. Quanto accaduto a Ismaele La Vardera, proseguono De Luca e Lo Giudice, \u00e8 un grave atto che insieme ai deputati dei nostri gruppi parlamentari condanniamo fortemente. Ismaele La Vardera si \u00e8 distinto in questi anni per la lotta alla criminalit\u00e0 organizzata attraverso la sua attivit\u00e0 giornalistica. Oggi da deputato regionale \u00e8 pronto a proseguire le sue battaglie senza se e senza ma. Preoccupa certamente questo clima intimidatorio ma confidiamo nell\u2019attivit\u00e0 investigativa delle forze dell\u2019ordine che faranno presto piena luce su questo episodio. Siamo al fianco di Ismaele La Vardera che sapr\u00e0 reagire con ancora pi\u00f9 determinazione e coraggio.\u201d<div id=\"videoincontent\" style=\"clear:both\";><\/div><\/p>\n\n\n\n<p>La Vardera, <a href=\"https:\/\/www.facebook.com\/ismaeleiena\/posts\/673947044091330\" data-type=\"URL\" data-id=\"https:\/\/www.facebook.com\/ismaeleiena\/posts\/673947044091330\">come spiega in un suo post (qui), <\/a>aveva comunque segnato la targa dell&#8217;auto grigia dei suoi delatori e ha affermato che si sarebbe recato a denunciare l&#8217;accaduto alle autorit\u00e0 competenti.<\/p>\n","protected":false},"excerpt":{"rendered":"<p>Dopo l&#8217;aggressione subita dal Presidente di Sud Chiama Nord Ismaele La Vardera, durante la quale ha ricevuto epiteti ingiuriosi ed offensivi, il leader del movimento Cateno De Luca e il coordinatore regionale di Sicilia Vera Danilo Lo Giudice, esprimono la loro solidariet\u00e0 al deputato e la loro indignazione verso l&#8217;accaduto: \u201cCondanniamo fermamente il grave episodio [&hellip;]<\/p>\n","protected":false},"author":15,"featured_media":129802,"comment_status":"open","ping_status":"open","sticky":false,"template":"","format":"standard","meta":{"ub_ctt_via":"","_mi_skip_tracking":false},"categories":[4],"tags":[1314,126,1032,2238,4307,3052,3124,4067,5307],"featured_image_src":"https:\/\/www.messinaoggi.it\/website\/wp-content\/uploads\/2022\/11\/Ismaele-La-Vardera.jpg","author_info":{"display_name":"red.me","author_link":"https:\/\/www.messinaoggi.it\/website\/author\/red-me\/"},"digistream_id":0,"digistream":false,"_links":{"self":[{"href":"https:\/\/www.messinaoggi.it\/website\/wp-json\/wp\/v2\/posts\/129799"}],"collection":[{"href":"https:\/\/www.messinaoggi.it\/website\/wp-json\/wp\/v2\/posts"}],"about":[{"href":"https:\/\/www.messinaoggi.it\/website\/wp-json\/wp\/v2\/types\/post"}],"author":[{"embeddable":true,"href":"https:\/\/www.messinaoggi.it\/website\/wp-json\/wp\/v2\/users\/15"}],"replies":[{"embeddable":true,"href":"https:\/\/www.messinaoggi.it\/website\/wp-json\/wp\/v2\/comments?post=129799"}],"version-history":[{"count":2,"href":"https:\/\/www.messinaoggi.it\/website\/wp-json\/wp\/v2\/posts\/129799\/revisions"}],"predecessor-version":[{"id":129804,"href":"https:\/\/www.messinaoggi.it\/website\/wp-json\/wp\/v2\/posts\/129799\/revisions\/129804"}],"wp:featuredmedia":[{"embeddable":true,"href":"https:\/\/www.messinaoggi.it\/website\/wp-json\/wp\/v2\/media\/129802"}],"wp:attachment":[{"href":"https:\/\/www.messinaoggi.it\/website\/wp-json\/wp\/v2\/media?parent=129799"}],"wp:term":[{"taxonomy":"category","embeddable":true,"href":"https:\/\/www.messinaoggi.it\/website\/wp-json\/wp\/v2\/categories?post=129799"},{"taxonomy":"post_tag","embeddable":true,"href":"https:\/\/www.messinaoggi.it\/website\/wp-json\/wp\/v2\/tags?post=129799"}],"curies":[{"name":"wp","href":"https:\/\/api.w.org\/{rel}","templated":true}]}}