{"id":129695,"date":"2022-11-14T00:47:52","date_gmt":"2022-11-13T23:47:52","guid":{"rendered":"https:\/\/www.messinaoggi.it\/website\/2022\/11\/13\/lukoil-schifani-difenderemo-i-posti-di-lavoro\/"},"modified":"2022-11-14T10:21:04","modified_gmt":"2022-11-14T09:21:04","slug":"lukoil-schifani-difenderemo-i-posti-di-lavoro","status":"publish","type":"post","link":"https:\/\/www.messinaoggi.it\/website\/2022\/11\/14\/lukoil-schifani-difenderemo-i-posti-di-lavoro\/","title":{"rendered":"Lukoil, Schifani \u201cDifenderemo i posti di lavoro\u201d"},"content":{"rendered":"<div>\n<p>PALERMO (ITALPRESS) \u2013 \u201cSaremo al tavolo con il ministro Urso per contribuire con spirito costruttivo alla soluzione della vicenda che riguarda il polo petrolchimico Isab Lukoil di Priolo. L\u2019obiettivo inderogabile della Regione Siciliana \u00e8 la tutela dei posti di lavoro legati allo stabilimento e all\u2019indotto che la nostra Isola non pu\u00f2 permettersi di perdere e noi faremo tutto il possibile per difenderli, e ci\u00f2 nella piena consspevolezza che il governo nazionale adotter\u00e0 ogni iniziativa volta alla positiva soluzione della vicenda\u201d. Lo dice il presidente della Regione Siciliana Renato Schifani con riferimento all\u2019incontro di venerd\u00ec prossimo convocato al Ministero delle Imprese e del made in Italy.<div id=\"div-gpt-ad-Messinaoggi.it-DSK-300x250-corpoart\" style=\"text-align:center;margin:0 auto;\"><\/div><\/p>\n<p>Foto: agenziafotogramma.it<div id=\"videoincontent\" style=\"clear:both\";><\/div><\/p>\n<p>(ITALPRESS).<\/p>\n<\/div>\n","protected":false},"excerpt":{"rendered":"<p>PALERMO (ITALPRESS) \u2013 \u201cSaremo al tavolo con il ministro Urso per contribuire con spirito costruttivo alla soluzione della vicenda che riguarda il polo petrolchimico Isab Lukoil di Priolo. L\u2019obiettivo inderogabile della Regione Siciliana \u00e8 la tutela dei posti di lavoro legati allo stabilimento e all\u2019indotto che la nostra Isola non pu\u00f2 permettersi di perdere e [&hellip;]<\/p>\n","protected":false},"author":18,"featured_media":129696,"comment_status":"closed","ping_status":"closed","sticky":false,"template":"","format":"standard","meta":{"ub_ctt_via":"","_mi_skip_tracking":false},"categories":[11,2449],"tags":[783],"featured_image_src":"https:\/\/www.messinaoggi.it\/website\/wp-content\/uploads\/2022\/11\/20221113_0348.jpg","author_info":{"display_name":"Admin","author_link":"https:\/\/www.messinaoggi.it\/website\/author\/admin\/"},"digistream_id":0,"digistream":false,"_links":{"self":[{"href":"https:\/\/www.messinaoggi.it\/website\/wp-json\/wp\/v2\/posts\/129695"}],"collection":[{"href":"https:\/\/www.messinaoggi.it\/website\/wp-json\/wp\/v2\/posts"}],"about":[{"href":"https:\/\/www.messinaoggi.it\/website\/wp-json\/wp\/v2\/types\/post"}],"author":[{"embeddable":true,"href":"https:\/\/www.messinaoggi.it\/website\/wp-json\/wp\/v2\/users\/18"}],"replies":[{"embeddable":true,"href":"https:\/\/www.messinaoggi.it\/website\/wp-json\/wp\/v2\/comments?post=129695"}],"version-history":[{"count":1,"href":"https:\/\/www.messinaoggi.it\/website\/wp-json\/wp\/v2\/posts\/129695\/revisions"}],"predecessor-version":[{"id":129737,"href":"https:\/\/www.messinaoggi.it\/website\/wp-json\/wp\/v2\/posts\/129695\/revisions\/129737"}],"wp:featuredmedia":[{"embeddable":true,"href":"https:\/\/www.messinaoggi.it\/website\/wp-json\/wp\/v2\/media\/129696"}],"wp:attachment":[{"href":"https:\/\/www.messinaoggi.it\/website\/wp-json\/wp\/v2\/media?parent=129695"}],"wp:term":[{"taxonomy":"category","embeddable":true,"href":"https:\/\/www.messinaoggi.it\/website\/wp-json\/wp\/v2\/categories?post=129695"},{"taxonomy":"post_tag","embeddable":true,"href":"https:\/\/www.messinaoggi.it\/website\/wp-json\/wp\/v2\/tags?post=129695"}],"curies":[{"name":"wp","href":"https:\/\/api.w.org\/{rel}","templated":true}]}}