{"id":129683,"date":"2022-11-13T11:50:35","date_gmt":"2022-11-13T10:50:35","guid":{"rendered":"http:\/\/www.messinaoggi.it\/website\/?p=129683"},"modified":"2022-11-13T11:50:36","modified_gmt":"2022-11-13T10:50:36","slug":"emilia-pace-nuova-presidente-consulta-provinciale-studenti","status":"publish","type":"post","link":"https:\/\/www.messinaoggi.it\/website\/2022\/11\/13\/emilia-pace-nuova-presidente-consulta-provinciale-studenti\/","title":{"rendered":"Emilia Pace nuova presidente Consulta provinciale studenti"},"content":{"rendered":"\n<p>La scorsa settimana, Gioved\u00ec 10 Novembre, si \u00e8 svolta presso l&#8217;ITET Enrico Fermi di Barcellona Pozzo di Gotto l&#8217;Assemblea Plenaria della Consulta Provinciale degli Studenti, un organo composto da tutti i rappresentanti di Consulta degli Istituti scolastici della provincia di Messina.<div id=\"div-gpt-ad-Messinaoggi.it-DSK-300x250-corpoart\" style=\"text-align:center;margin:0 auto;\"><\/div><\/p>\n\n\n\n<p>Durante l&#8217;assemblea plenaria si sono svolte le votazioni per eleggere il Presidente della Consulta provinciale degli studenti.<div id=\"videoincontent\" style=\"clear:both\";><\/div><\/p>\n\n\n\n<p>Sono arrivati al ballottaggio: al primo posto la rappresentante del Liceo classico F. Maurolico <strong>Emilia Pace <\/strong>(25 voti), al secondo posto <strong>Andrea Di Marco, <\/strong>rappresentante del Liceo scientifico Archimede e vicino all&#8217;associazione sud dell&#8217;ex deputato regionale Luigi Genovese.<br>Al terzo posto <strong>Gabriele Falcone, <\/strong>escluso dal ballottaggio, e vicino al presidente uscente Sbilord, membro dell&#8217;associazione universitaria Morgana.<\/p>\n\n\n\n<p>Dal ballottaggio \u00e8 risultata vincitrice la studentessa <strong>Emilia Pace, <\/strong>indipendente da associazioni e partiti politici.<\/p>\n\n\n\n<p>La Giovane messinese appassionata di rappresentanza studentesca all&#8217;interno della sua scuola, in cui \u00e8 referente per il presidio di Libera, associazione antimafia.<\/p>\n\n\n\n<p><br>\u00c8 anche membro del gruppo studentesco di Fridays for future Messina che \u00e8 sensibile al tema dell&#8217;ambiente e del cambiamento climatico.<\/p>\n\n\n\n<p>&#8220;Oggi si volta pagina, la mia candidatura \u00e8 nata in alternativa a quelle candidature storiche e messe in campo fino ad oggi.<br>Sono soddisfatta del risultato, frutto di impegno non solo delle ultime settimane ma del lavoro portato avanti in questi anni a partire dal Maurolico, e poi grazie alla rete di rappresentanti che si \u00e8 costruita tra le varie scuole della provincia.<br>L&#8217;obiettivo sar\u00e0 dare alle realt\u00e0 scolastiche della nostra provincia una rappresentanza attiva, che sappia affrontare alcuni dei temi che ci riguardano direttamente senza superficialit\u00e0.<br>Vogliamo rafforzare i legami con le scuole della provincia e portare in tutte le scuole progetti di sensibilizzazione e occasioni di confronto.<\/p>\n\n\n\n<p>Oggi, insieme a tutti i rappresentanti della Consulta Provinciale che vorranno dare il loro contributo, si scrive un&#8217;altra pagina della rappresentanza studentesca nel nostro territorio.<br>Il nostro programma sar\u00e0 condiviso e frutto di un lavoro collettivo che sappia valorizzare le scuole, costruiremo un modello di rappresentanza rigoroso e innovativo&#8221;.<\/p>\n\n\n\n<p>Cos\u00ec conclude la nota la neo-presidente <strong>Emilia Pace.<\/strong><\/p>\n","protected":false},"excerpt":{"rendered":"<p>La scorsa settimana, Gioved\u00ec 10 Novembre, si \u00e8 svolta presso l&#8217;ITET Enrico Fermi di Barcellona Pozzo di Gotto l&#8217;Assemblea Plenaria della Consulta Provinciale degli Studenti, un organo composto da tutti i rappresentanti di Consulta degli Istituti scolastici della provincia di Messina. Durante l&#8217;assemblea plenaria si sono svolte le votazioni per eleggere il Presidente della Consulta [&hellip;]<\/p>\n","protected":false},"author":15,"featured_media":129684,"comment_status":"open","ping_status":"open","sticky":false,"template":"","format":"standard","meta":{"ub_ctt_via":"","_mi_skip_tracking":false},"categories":[4],"tags":[],"featured_image_src":"https:\/\/www.messinaoggi.it\/website\/wp-content\/uploads\/2022\/11\/Emilia-Pace-e1668336626142.jpg","author_info":{"display_name":"red.me","author_link":"https:\/\/www.messinaoggi.it\/website\/author\/red-me\/"},"digistream_id":0,"digistream":false,"_links":{"self":[{"href":"https:\/\/www.messinaoggi.it\/website\/wp-json\/wp\/v2\/posts\/129683"}],"collection":[{"href":"https:\/\/www.messinaoggi.it\/website\/wp-json\/wp\/v2\/posts"}],"about":[{"href":"https:\/\/www.messinaoggi.it\/website\/wp-json\/wp\/v2\/types\/post"}],"author":[{"embeddable":true,"href":"https:\/\/www.messinaoggi.it\/website\/wp-json\/wp\/v2\/users\/15"}],"replies":[{"embeddable":true,"href":"https:\/\/www.messinaoggi.it\/website\/wp-json\/wp\/v2\/comments?post=129683"}],"version-history":[{"count":1,"href":"https:\/\/www.messinaoggi.it\/website\/wp-json\/wp\/v2\/posts\/129683\/revisions"}],"predecessor-version":[{"id":129685,"href":"https:\/\/www.messinaoggi.it\/website\/wp-json\/wp\/v2\/posts\/129683\/revisions\/129685"}],"wp:featuredmedia":[{"embeddable":true,"href":"https:\/\/www.messinaoggi.it\/website\/wp-json\/wp\/v2\/media\/129684"}],"wp:attachment":[{"href":"https:\/\/www.messinaoggi.it\/website\/wp-json\/wp\/v2\/media?parent=129683"}],"wp:term":[{"taxonomy":"category","embeddable":true,"href":"https:\/\/www.messinaoggi.it\/website\/wp-json\/wp\/v2\/categories?post=129683"},{"taxonomy":"post_tag","embeddable":true,"href":"https:\/\/www.messinaoggi.it\/website\/wp-json\/wp\/v2\/tags?post=129683"}],"curies":[{"name":"wp","href":"https:\/\/api.w.org\/{rel}","templated":true}]}}