{"id":129626,"date":"2022-11-12T14:47:52","date_gmt":"2022-11-12T13:47:52","guid":{"rendered":"https:\/\/www.messinaoggi.it\/website\/2022\/11\/12\/waterfront-palermo-carta-la-citta-liquida-in-costruzione\/"},"modified":"2022-11-12T14:47:52","modified_gmt":"2022-11-12T13:47:52","slug":"waterfront-palermo-carta-la-citta-liquida-in-costruzione","status":"publish","type":"post","link":"https:\/\/www.messinaoggi.it\/website\/2022\/11\/12\/waterfront-palermo-carta-la-citta-liquida-in-costruzione\/","title":{"rendered":"Waterfront Palermo, Carta \u201cLa citt\u00e0 liquida in costruzione\u201d"},"content":{"rendered":"<div>\n<p>PALERMO (ITALPRESS) \u2013 \u201cCon il Sindaco Roberto Lagalla e il Presidente Pasqualino Monti abbiamo subito iniziato a mettere a terra gli accordi e le visioni contenute nell\u2019Accordo quadro siglato ieri, facendo un sopralluogo al cantiere del nuovo quartiere d\u2019acqua che trasformer\u00e0 il Molo Trapezoidale in uno degli spazi pubblici culturali, museali, commerciali, sportivi, ludici, musicali, congressuali, nautici, imprenditoriali, gastronomici, espositivi pi\u00f9 belli della citt\u00e0 di Palermo\u201d.<br \/>\nCos\u00ec l\u2019Assessore alla mobilit\u00e0 sostenibile del comune di Palermo, Maurizio Carta. \u201cUn nuovo attrattore che permetter\u00e0 di ridurre la pressione fruitiva in altre parti pi\u00f9 fragili e complesse della citt\u00e0, costituendo anche una attrazione urbana di livello internazionale\u201d.<br \/>\n\u201cPoi abbiamo anche visitato un luogo di futuro, le ex lavanderie della Tirrenia che, grazie alla progettazione congiunta tra Comune e AdSP, potranno diventare presto un altro luogo dell\u2019innovazione urbana, un altro luogo della \u2018citt\u00e0 poliedric\u00e0, un altra centralit\u00e0, un altro spazio pubblico creativo a servizio della citt\u00e0. Naturalmente abbiamo anche valutato le azioni da intraprendere lungo via dell\u2019Arsenale per rendere tutta l\u2019area di pi\u00f9 elevata qualit\u00e0 e sicurezza. Una bella mattina di Futuredesign\u201d.<div id=\"div-gpt-ad-Messinaoggi.it-DSK-300x250-corpoart\" style=\"text-align:center;margin:0 auto;\"><\/div><\/p>\n<p>\u2013 foto di Ester Maria Greco<br \/>\n(ITALPRESS).<div id=\"videoincontent\" style=\"clear:both\";><\/div><\/p>\n<\/div>\n","protected":false},"excerpt":{"rendered":"<p>PALERMO (ITALPRESS) \u2013 \u201cCon il Sindaco Roberto Lagalla e il Presidente Pasqualino Monti abbiamo subito iniziato a mettere a terra gli accordi e le visioni contenute nell\u2019Accordo quadro siglato ieri, facendo un sopralluogo al cantiere del nuovo quartiere d\u2019acqua che trasformer\u00e0 il Molo Trapezoidale in uno degli spazi pubblici culturali, museali, commerciali, sportivi, ludici, musicali, [&hellip;]<\/p>\n","protected":false},"author":18,"featured_media":129627,"comment_status":"closed","ping_status":"closed","sticky":false,"template":"","format":"standard","meta":{"ub_ctt_via":"","_mi_skip_tracking":false},"categories":[2449],"tags":[783],"featured_image_src":"https:\/\/www.messinaoggi.it\/website\/wp-content\/uploads\/2022\/11\/20221112_1089.jpg","author_info":{"display_name":"Admin","author_link":"https:\/\/www.messinaoggi.it\/website\/author\/admin\/"},"digistream_id":0,"digistream":false,"_links":{"self":[{"href":"https:\/\/www.messinaoggi.it\/website\/wp-json\/wp\/v2\/posts\/129626"}],"collection":[{"href":"https:\/\/www.messinaoggi.it\/website\/wp-json\/wp\/v2\/posts"}],"about":[{"href":"https:\/\/www.messinaoggi.it\/website\/wp-json\/wp\/v2\/types\/post"}],"author":[{"embeddable":true,"href":"https:\/\/www.messinaoggi.it\/website\/wp-json\/wp\/v2\/users\/18"}],"replies":[{"embeddable":true,"href":"https:\/\/www.messinaoggi.it\/website\/wp-json\/wp\/v2\/comments?post=129626"}],"version-history":[{"count":0,"href":"https:\/\/www.messinaoggi.it\/website\/wp-json\/wp\/v2\/posts\/129626\/revisions"}],"wp:featuredmedia":[{"embeddable":true,"href":"https:\/\/www.messinaoggi.it\/website\/wp-json\/wp\/v2\/media\/129627"}],"wp:attachment":[{"href":"https:\/\/www.messinaoggi.it\/website\/wp-json\/wp\/v2\/media?parent=129626"}],"wp:term":[{"taxonomy":"category","embeddable":true,"href":"https:\/\/www.messinaoggi.it\/website\/wp-json\/wp\/v2\/categories?post=129626"},{"taxonomy":"post_tag","embeddable":true,"href":"https:\/\/www.messinaoggi.it\/website\/wp-json\/wp\/v2\/tags?post=129626"}],"curies":[{"name":"wp","href":"https:\/\/api.w.org\/{rel}","templated":true}]}}