{"id":12961,"date":"2017-12-13T12:33:17","date_gmt":"2017-12-13T11:33:17","guid":{"rendered":"http:\/\/www.messinaoggi.it\/website\/?p=12961"},"modified":"2017-12-13T12:33:17","modified_gmt":"2017-12-13T11:33:17","slug":"vietato-sfornare-pane-la-domenica-le-associazioni-legge-a-favore-della-grande-distribuzione","status":"publish","type":"post","link":"https:\/\/www.messinaoggi.it\/website\/2017\/12\/13\/vietato-sfornare-pane-la-domenica-le-associazioni-legge-a-favore-della-grande-distribuzione\/","title":{"rendered":"Vietato sfornare pane la domenica, le associazioni: &#039;Legge a favore della grande distribuzione&#039;"},"content":{"rendered":"<p><a href=\"http:\/\/www.messinaoggi.it\/website\/2017\/11\/30\/vietato-sfornare-pane-fresco-domenica-e-festivi-dal-5-novembre-tavolo-tecnico-consente-turni\/\">Dopo il via libera al recente decreto regionale che impone il divieto di panificazione nelle domeniche e nei giorni festivi<\/a>, come prevedibile le associazioni di categoria sono insorte. Nel dettaglio, Confartigianato, CNA, Claai\u00a0e\u00a0Casa Artigiani si sono riuniti a Palermo per discutere degli effetti che potrebbe comportare sull&#8217;economia sicula il decreto Lo Bello: &#8220;Il riposo nelle giornate domenicali e festive \u00e8 sacrosanto, &#8211; spiegano &#8211; ma, cos\u00ec come il testo normativo \u00e8 stato articolato, il divieto imposto ai panificatori finir\u00e0 di fatto per favorire la grande distribuzione organizzata&#8221;.<br \/>\n\u201cE\u2019 un decreto, la cui efficacia va immediatamente sospesa perch\u00e9 nel suo complesso \u00e8 dannoso per la categoria, oltre a presentare profili di illegittimit\u00e0 in quanto in contrasto con la direttiva di Bolkestein, recepita nell\u2019ordinamento italiano, con l\u2019obiettivo di favorire la libera circolazione dei servizi e l\u2019abbattimento delle barriere tra i paesi. Nelle prossime ore avvieremo formale procedura per chiedere all\u2019Assessore regionale alle Attivit\u00e0 Produttive, Mimmo Turano, che proveremo ad incontrare urgentemente assieme ai vertici del competente Dipartimento, di prendere in seria considerazione la nostra proposta, che \u00e8 corredata da autorevoli e puntuali pareri giuridici.<br \/>\nIl decreto, non richiamando la classificazione del pane prevista dalla legge Bersani, \u00e8 destinato a creare una condizione di svantaggio, se non proprio di concorrenza sleale, tra i panificatori e quei soggetti che esercitano attivit\u00e0 similari. Succede infatti che, mentre i panificatori sono sottoposti a regime di chiusura domenicale o di turnazione, nella grande distribuzione si procede, senza soluzione di continuit\u00e0, alla produzione e vendita di pane surgelato, spesso di provenienza estera, largamente spacciato per pane fresco. Inoltre il decreto genera una ulteriore discriminazione per i panificatori e danno per i consumatori finali. Il riferimento \u00e8 all\u2019obbligo di confezionamento, il cui esonero \u00e8 previsto solo per i panificatori che vendono al dettaglio nei locali di produzione. Ma la regola non viene fatta osservare nei locali insediati nei centri commerciali e nei supermercati, seppur in assenza dei necessari requisiti.<br \/>\nCos\u00ec come non figura nel decreto l\u2019opportuna valorizzazione del pane tipico siciliano, attraverso la creazione di marchi di qualit\u00e0, e non trova riscontro nemmeno la mancata abrogazione dell\u2019articolo 27 della legge regionale del 23 dicembre del 2000 n\u00b030 che assimila l\u2019attivit\u00e0 di panificazione ad un\u2019attivit\u00e0 commerciale e non ad un\u2019attivit\u00e0 artigianale imprenditoriale di produzione alimentare. Tutte queste incongruenze ci portano ad assumere una posizione fortemente critica sul decreto\u00a0Lo\u00a0Bello, certamente intempestivo e carente di concertazione\u00a0con i rappresentanti\u00a0di\u00a0categoria\u201d.<div id=\"div-gpt-ad-Messinaoggi.it-DSK-300x250-corpoart\" style=\"text-align:center;margin:0 auto;\"><\/div><\/p>\n<div id=\"videoincontent\" style=\"clear:both\";><\/div>","protected":false},"excerpt":{"rendered":"<p>Dopo il via libera al recente decreto regionale che impone il divieto di panificazione nelle domeniche e nei giorni festivi, come prevedibile le associazioni di categoria sono insorte. Nel dettaglio, Confartigianato, CNA, Claai\u00a0e\u00a0Casa Artigiani si sono riuniti a Palermo per discutere degli effetti che potrebbe comportare sull&#8217;economia sicula il decreto Lo Bello: &#8220;Il riposo nelle [&hellip;]<\/p>\n","protected":false},"author":8,"featured_media":12252,"comment_status":"closed","ping_status":"open","sticky":false,"template":"","format":"standard","meta":{"ub_ctt_via":"","_mi_skip_tracking":false},"categories":[4],"tags":[],"featured_image_src":"https:\/\/www.messinaoggi.it\/website\/wp-content\/uploads\/2017\/11\/panificio-vetrina-messinaoggiMR.jpg","author_info":{"display_name":"red..me","author_link":"https:\/\/www.messinaoggi.it\/website\/author\/redstage\/"},"digistream_id":0,"digistream":false,"_links":{"self":[{"href":"https:\/\/www.messinaoggi.it\/website\/wp-json\/wp\/v2\/posts\/12961"}],"collection":[{"href":"https:\/\/www.messinaoggi.it\/website\/wp-json\/wp\/v2\/posts"}],"about":[{"href":"https:\/\/www.messinaoggi.it\/website\/wp-json\/wp\/v2\/types\/post"}],"author":[{"embeddable":true,"href":"https:\/\/www.messinaoggi.it\/website\/wp-json\/wp\/v2\/users\/8"}],"replies":[{"embeddable":true,"href":"https:\/\/www.messinaoggi.it\/website\/wp-json\/wp\/v2\/comments?post=12961"}],"version-history":[{"count":0,"href":"https:\/\/www.messinaoggi.it\/website\/wp-json\/wp\/v2\/posts\/12961\/revisions"}],"wp:featuredmedia":[{"embeddable":true,"href":"https:\/\/www.messinaoggi.it\/website\/wp-json\/wp\/v2\/media\/12252"}],"wp:attachment":[{"href":"https:\/\/www.messinaoggi.it\/website\/wp-json\/wp\/v2\/media?parent=12961"}],"wp:term":[{"taxonomy":"category","embeddable":true,"href":"https:\/\/www.messinaoggi.it\/website\/wp-json\/wp\/v2\/categories?post=12961"},{"taxonomy":"post_tag","embeddable":true,"href":"https:\/\/www.messinaoggi.it\/website\/wp-json\/wp\/v2\/tags?post=12961"}],"curies":[{"name":"wp","href":"https:\/\/api.w.org\/{rel}","templated":true}]}}