{"id":129360,"date":"2022-11-10T18:02:51","date_gmt":"2022-11-10T17:02:51","guid":{"rendered":"https:\/\/www.messinaoggi.it\/website\/2022\/11\/10\/schifani-in-giunta-parlamentari-eletti-salvo-poche-eccezioni\/"},"modified":"2022-11-10T18:02:51","modified_gmt":"2022-11-10T17:02:51","slug":"schifani-in-giunta-parlamentari-eletti-salvo-poche-eccezioni","status":"publish","type":"post","link":"https:\/\/www.messinaoggi.it\/website\/2022\/11\/10\/schifani-in-giunta-parlamentari-eletti-salvo-poche-eccezioni\/","title":{"rendered":"Schifani \u201cIn giunta parlamentari eletti, salvo poche eccezioni\u201d"},"content":{"rendered":"<div>\n<p>PALERMO (ITALPRESS) \u2013 \u201cSin dall\u2019inizio della mia campagna elettorale ho sempre affermato che la futura giunta sarebbe stata composta da parlamentari regionali eletti, salvo eccezioni dovute alla specificit\u00e0 della materia e la conseguente esigenza di avvalersi di un apporto di alta competenza di settore. Non ritengo di poter rivedere questo principio, perch\u00e8 sono stato sempre convinto della sua bont\u00e0, per cui ribadir\u00f2 ai partiti della maggioranza di condividere questa mia impostazione nella rosa di nomi che mi presenteranno per la nomina degli assessori\u201d. Lo ha dichiarato all\u2019Italpress il presidente della Regione siciliana, Renato Schifani, a margine dell\u2019elezione del presidente dell\u2019Ars.<br \/>Foto Italpress <br \/>(ITALPRESS).<div id=\"div-gpt-ad-Messinaoggi.it-DSK-300x250-corpoart\" style=\"text-align:center;margin:0 auto;\"><\/div><\/p>\n<\/div>\n<div id=\"videoincontent\" style=\"clear:both\";><\/div>","protected":false},"excerpt":{"rendered":"<p>PALERMO (ITALPRESS) \u2013 \u201cSin dall\u2019inizio della mia campagna elettorale ho sempre affermato che la futura giunta sarebbe stata composta da parlamentari regionali eletti, salvo eccezioni dovute alla specificit\u00e0 della materia e la conseguente esigenza di avvalersi di un apporto di alta competenza di settore. Non ritengo di poter rivedere questo principio, perch\u00e8 sono stato sempre [&hellip;]<\/p>\n","protected":false},"author":18,"featured_media":129361,"comment_status":"closed","ping_status":"closed","sticky":false,"template":"","format":"standard","meta":{"ub_ctt_via":"","_mi_skip_tracking":false},"categories":[2449],"tags":[783],"featured_image_src":"https:\/\/www.messinaoggi.it\/website\/wp-content\/uploads\/2022\/11\/20221110_1901.jpg","author_info":{"display_name":"Admin","author_link":"https:\/\/www.messinaoggi.it\/website\/author\/admin\/"},"digistream_id":0,"digistream":false,"_links":{"self":[{"href":"https:\/\/www.messinaoggi.it\/website\/wp-json\/wp\/v2\/posts\/129360"}],"collection":[{"href":"https:\/\/www.messinaoggi.it\/website\/wp-json\/wp\/v2\/posts"}],"about":[{"href":"https:\/\/www.messinaoggi.it\/website\/wp-json\/wp\/v2\/types\/post"}],"author":[{"embeddable":true,"href":"https:\/\/www.messinaoggi.it\/website\/wp-json\/wp\/v2\/users\/18"}],"replies":[{"embeddable":true,"href":"https:\/\/www.messinaoggi.it\/website\/wp-json\/wp\/v2\/comments?post=129360"}],"version-history":[{"count":0,"href":"https:\/\/www.messinaoggi.it\/website\/wp-json\/wp\/v2\/posts\/129360\/revisions"}],"wp:featuredmedia":[{"embeddable":true,"href":"https:\/\/www.messinaoggi.it\/website\/wp-json\/wp\/v2\/media\/129361"}],"wp:attachment":[{"href":"https:\/\/www.messinaoggi.it\/website\/wp-json\/wp\/v2\/media?parent=129360"}],"wp:term":[{"taxonomy":"category","embeddable":true,"href":"https:\/\/www.messinaoggi.it\/website\/wp-json\/wp\/v2\/categories?post=129360"},{"taxonomy":"post_tag","embeddable":true,"href":"https:\/\/www.messinaoggi.it\/website\/wp-json\/wp\/v2\/tags?post=129360"}],"curies":[{"name":"wp","href":"https:\/\/api.w.org\/{rel}","templated":true}]}}