{"id":129273,"date":"2022-11-10T12:14:55","date_gmt":"2022-11-10T11:14:55","guid":{"rendered":"http:\/\/www.messinaoggi.it\/website\/?p=129273"},"modified":"2022-11-10T12:18:55","modified_gmt":"2022-11-10T11:18:55","slug":"olga-cancellieri-un-premio-di-addiopizzo-per-ricordarla","status":"publish","type":"post","link":"https:\/\/www.messinaoggi.it\/website\/2022\/11\/10\/olga-cancellieri-un-premio-di-addiopizzo-per-ricordarla\/","title":{"rendered":"Olga Cancellieri, un premio di Addiopizzo per ricordarla"},"content":{"rendered":"\n<p>&#8220;Ricorre il primo anniversario dalla triste dipartita dell&#8217;Avv. <strong>Olga Cacellieri, <\/strong>figura ai pi\u00f9 conosciuta per i suoi molteplici impegni in citt\u00e0, per la sua particolare passione politica e il suo attivismo non di maniera. Addiopizzo Messina la vuole ricordare istituendo un Premio a suo nome del valore di 500 euro da assegnare alle scuole messinesi con un concorso che sar\u00e0 illustrato sabato 19 novembre c.a con una conferenza stampa in sede. Una proposta gi\u00e0 emersa e condivisa da parte dei soci gi\u00e0 nelle settimane successive al dramma che ha colpito la famiglia Anza&#8217;-Cancellieri, per segnarne la memoria proprio all&#8217;interno di un&#8217;iniziativa a cui lei avrebbe sicuramente guardato con favore. Quanti hanno conosciuto e apprezzato l&#8217;impegno di Olga nella vita civile e politica della nostra citt\u00e0, come esempio di donna dalla forte personalit\u00e0 che ha saputo a pi\u00f9 riprese essere elemento di aggregazione, di confronto, di arricchimento professionale per molti, non pu\u00f2 che condividere con noi questo prezioso ricordo&#8221;.<div id=\"div-gpt-ad-Messinaoggi.it-DSK-300x250-corpoart\" style=\"text-align:center;margin:0 auto;\"><\/div><\/p>\n\n\n\n<p>A darne notizia \u00e8 l&#8217;associazione antimafia Addiopizzo Messina, di cui Cancellieri era membro e attivista.<div id=\"videoincontent\" style=\"clear:both\";><\/div><\/p>\n","protected":false},"excerpt":{"rendered":"<p>&#8220;Ricorre il primo anniversario dalla triste dipartita dell&#8217;Avv. Olga Cacellieri, figura ai pi\u00f9 conosciuta per i suoi molteplici impegni in citt\u00e0, per la sua particolare passione politica e il suo attivismo non di maniera. Addiopizzo Messina la vuole ricordare istituendo un Premio a suo nome del valore di 500 euro da assegnare alle scuole messinesi [&hellip;]<\/p>\n","protected":false},"author":15,"featured_media":129274,"comment_status":"open","ping_status":"open","sticky":false,"template":"","format":"standard","meta":{"ub_ctt_via":"","_mi_skip_tracking":false},"categories":[5],"tags":[5336,3453,5337],"featured_image_src":"https:\/\/www.messinaoggi.it\/website\/wp-content\/uploads\/2022\/11\/Olga-Cancellieri-e1668079127525.jpg","author_info":{"display_name":"red.me","author_link":"https:\/\/www.messinaoggi.it\/website\/author\/red-me\/"},"digistream_id":0,"digistream":false,"_links":{"self":[{"href":"https:\/\/www.messinaoggi.it\/website\/wp-json\/wp\/v2\/posts\/129273"}],"collection":[{"href":"https:\/\/www.messinaoggi.it\/website\/wp-json\/wp\/v2\/posts"}],"about":[{"href":"https:\/\/www.messinaoggi.it\/website\/wp-json\/wp\/v2\/types\/post"}],"author":[{"embeddable":true,"href":"https:\/\/www.messinaoggi.it\/website\/wp-json\/wp\/v2\/users\/15"}],"replies":[{"embeddable":true,"href":"https:\/\/www.messinaoggi.it\/website\/wp-json\/wp\/v2\/comments?post=129273"}],"version-history":[{"count":1,"href":"https:\/\/www.messinaoggi.it\/website\/wp-json\/wp\/v2\/posts\/129273\/revisions"}],"predecessor-version":[{"id":129275,"href":"https:\/\/www.messinaoggi.it\/website\/wp-json\/wp\/v2\/posts\/129273\/revisions\/129275"}],"wp:featuredmedia":[{"embeddable":true,"href":"https:\/\/www.messinaoggi.it\/website\/wp-json\/wp\/v2\/media\/129274"}],"wp:attachment":[{"href":"https:\/\/www.messinaoggi.it\/website\/wp-json\/wp\/v2\/media?parent=129273"}],"wp:term":[{"taxonomy":"category","embeddable":true,"href":"https:\/\/www.messinaoggi.it\/website\/wp-json\/wp\/v2\/categories?post=129273"},{"taxonomy":"post_tag","embeddable":true,"href":"https:\/\/www.messinaoggi.it\/website\/wp-json\/wp\/v2\/tags?post=129273"}],"curies":[{"name":"wp","href":"https:\/\/api.w.org\/{rel}","templated":true}]}}