{"id":129251,"date":"2022-11-10T11:15:53","date_gmt":"2022-11-10T10:15:53","guid":{"rendered":"http:\/\/www.messinaoggi.it\/website\/?p=129251"},"modified":"2022-11-10T11:15:55","modified_gmt":"2022-11-10T10:15:55","slug":"gioveni-fdi-situazione-bollente-in-atm-si-chiarisca","status":"publish","type":"post","link":"https:\/\/www.messinaoggi.it\/website\/2022\/11\/10\/gioveni-fdi-situazione-bollente-in-atm-si-chiarisca\/","title":{"rendered":"Gioveni (FdI): &#8220;situazione bollente in Atm, si chiarisca&#8221;"},"content":{"rendered":"\n<p>Il capogruppo di Fratelli d&#8217;Italia nel civico consesso Libero Gioveni interviene rilanciando le denunce dei sindacati sulla gestione di Atm.<div id=\"div-gpt-ad-Messinaoggi.it-DSK-300x250-corpoart\" style=\"text-align:center;margin:0 auto;\"><\/div><\/p>\n\n\n\n<p>\u201cNei miei quasi 10 anni di attivit\u00e0 in Consiglio Comunale, di cui ben 4 trascorsi da Presidente della Commissione Trasporti, non avevo mai letto una denuncia cos\u00ec grave e circostanziata delle organizzazioni sindacali sulla gestione di ATM, che adesso merita con urgenza tutti gli approfondimenti del caso in Aula!\u00a0Con queste parole io sottoscritto, Consigliere comunale Libero Gioveni, capogruppo di Fratelli d\u2019Italia, intendo fare immediatamente chiarezza sulle tre pagine &#8216;bollenti&#8217; che ben 5 sigle sindacali (Filt CGIL, UIL Trasporti, FAISA CISAL, UGL e ORSA) hanno indirizzato fra gli altri anche a S.E. il Prefetto e con le quali attivano la prima fase delle procedure di raffreddamento.\u00a0Il Consiglio Comunale, o anche la stessa Commissione consiliare Trasporti, \u2013 prosegue Gioveni \u2013 non pu\u00f2 rimanere inerme rispetto a denunce gravissime messe nero su bianco dai sindacati relative a (riporto e sintetizzo testualmente) &#8216;avanzamenti professionali e promozioni definitive senza competizione fra i candidati favorendo carriere veloci programmate in anticipo senza guardare alla meritocrazia, &#8216;pensionamento forzato degli operatori di esercizio in spregio a recenti sentenze di Cassazione&#8217;, &#8216;intimidazione di dipendenti con provvedimenti disciplinari tesi a fare cassa&#8217; con la beffa causata dal R.D. n. 148\/1931 che consente all\u2019azienda di &#8216;assumere il ruolo sia di accusatore che di giudice senza il parere di soggetti terzi&#8217;, &#8216;piano di esercizio sovradimensionato rispetto alla forza lavoro con ricorso allo straordinario&#8217;.\u00a0Per non parlare poi di altri aspetti forse ancora pi\u00f9 inquietanti \u2013 afferma il Consigliere &#8211; visto che si denuncia anche la sola classica \u201clavata di faccia\u201d alle vetture del tram che sembrerebbe siano state solo riverniciate all\u2019esterno ma con seri problemi al loro sistema frenante che ha causato anche incidenti per i quali si \u00e8 invece addossato colpe ai conducenti!\u00a0E poi ancora: personale delle officine utilizzato diversamente in ambienti malsani, gestione improvvisata dei servizi ZTL e verifica dei biglietti, violazioni contrattuali a carico dei lavoratori e &#8216;controllo asfissiante e ILLECITO&#8217; sugli stessi!\u00a0Davvero un vero e proprio &#8216;bollettino di guerra&#8217; \u2013 denuncia l\u2019esponente di FdI \u2013 che evidentemente per il Consiglio comunale, che ha l\u2019obbligo del controllo sulle societ\u00e0 partecipate a cui peraltro con l\u2019approvazione dei Bilanci o aumenti di capitale eroga soldi pubblici, non pu\u00f2 di certo passare inosservato!\u00a0Chieder\u00f2 pertanto gi\u00e0 luned\u00ec in sede di Commissione Trasporti \u2013 conclude Gioveni \u2013 una audizione urgente dei denuncianti, dell\u2019assessore ai rapporti con ATM Mondello e dei vertici aziendali affinch\u00e9 si faccia immediata chiarezza sulle pesanti accuse lanciate dai sindacati, anche al fine di scongiurare delle gi\u00e0 annunciate forme di protesta che inevitabilmente penalizzerebbero i servizi all\u2019utenza&#8221;.<div id=\"videoincontent\" style=\"clear:both\";><\/div><\/p>\n","protected":false},"excerpt":{"rendered":"<p>Il capogruppo di Fratelli d&#8217;Italia nel civico consesso Libero Gioveni interviene rilanciando le denunce dei sindacati sulla gestione di Atm. \u201cNei miei quasi 10 anni di attivit\u00e0 in Consiglio Comunale, di cui ben 4 trascorsi da Presidente della Commissione Trasporti, non avevo mai letto una denuncia cos\u00ec grave e circostanziata delle organizzazioni sindacali sulla gestione [&hellip;]<\/p>\n","protected":false},"author":15,"featured_media":43341,"comment_status":"open","ping_status":"open","sticky":false,"template":"","format":"standard","meta":{"ub_ctt_via":"","_mi_skip_tracking":false},"categories":[4],"tags":[3460,46,740,587],"featured_image_src":"https:\/\/www.messinaoggi.it\/website\/wp-content\/uploads\/2020\/05\/libero-gioveni-in-aula-messinaoggi.jpg","author_info":{"display_name":"red.me","author_link":"https:\/\/www.messinaoggi.it\/website\/author\/red-me\/"},"digistream_id":0,"digistream":false,"_links":{"self":[{"href":"https:\/\/www.messinaoggi.it\/website\/wp-json\/wp\/v2\/posts\/129251"}],"collection":[{"href":"https:\/\/www.messinaoggi.it\/website\/wp-json\/wp\/v2\/posts"}],"about":[{"href":"https:\/\/www.messinaoggi.it\/website\/wp-json\/wp\/v2\/types\/post"}],"author":[{"embeddable":true,"href":"https:\/\/www.messinaoggi.it\/website\/wp-json\/wp\/v2\/users\/15"}],"replies":[{"embeddable":true,"href":"https:\/\/www.messinaoggi.it\/website\/wp-json\/wp\/v2\/comments?post=129251"}],"version-history":[{"count":1,"href":"https:\/\/www.messinaoggi.it\/website\/wp-json\/wp\/v2\/posts\/129251\/revisions"}],"predecessor-version":[{"id":129252,"href":"https:\/\/www.messinaoggi.it\/website\/wp-json\/wp\/v2\/posts\/129251\/revisions\/129252"}],"wp:featuredmedia":[{"embeddable":true,"href":"https:\/\/www.messinaoggi.it\/website\/wp-json\/wp\/v2\/media\/43341"}],"wp:attachment":[{"href":"https:\/\/www.messinaoggi.it\/website\/wp-json\/wp\/v2\/media?parent=129251"}],"wp:term":[{"taxonomy":"category","embeddable":true,"href":"https:\/\/www.messinaoggi.it\/website\/wp-json\/wp\/v2\/categories?post=129251"},{"taxonomy":"post_tag","embeddable":true,"href":"https:\/\/www.messinaoggi.it\/website\/wp-json\/wp\/v2\/tags?post=129251"}],"curies":[{"name":"wp","href":"https:\/\/api.w.org\/{rel}","templated":true}]}}