{"id":129249,"date":"2022-11-10T10:58:39","date_gmt":"2022-11-10T09:58:39","guid":{"rendered":"http:\/\/www.messinaoggi.it\/website\/?p=129249"},"modified":"2022-11-10T10:58:41","modified_gmt":"2022-11-10T09:58:41","slug":"la-fauci-orasicilia-alla-piscina-comunale-negato-accesso-ai-disabili","status":"publish","type":"post","link":"https:\/\/www.messinaoggi.it\/website\/2022\/11\/10\/la-fauci-orasicilia-alla-piscina-comunale-negato-accesso-ai-disabili\/","title":{"rendered":"La Fauci (OraSicilia): &#8220;alla piscina comunale negato accesso ai disabili&#8221;"},"content":{"rendered":"\n<p>\u00abNei giorni scorsi ho presentato un\u2019interrogazione all\u2019amministrazione comunale per ottenere risposte celeri e concrete su un\u2019incresciosa difficolt\u00e0 vissuta dai disabili della nostra citt\u00e0. La vicenda che cito riguarda le condizioni di grave criticit\u00e0 in cui versa la piscina comunale \u201cG. Campagna\u201d. Nella struttura, infatti, \u00e8 negato &#8211; nei fatti &#8211; l\u2019accesso a disabili e bambini speciali. L\u2019aspetto peggiore di questa vicenda \u00e8 legato al fatto che la struttura sia stata oggetto di lavori di ristrutturazione nel 2021. Lavori che, a questo punto, vanno considerati incompleti. Come potrebbero esserlo, infatti, lavori di messa a norma che non consentono l\u2019accesso facilitato ai disabili. Come \u00e8 stato possibile? La regolamentazione italiana ed europea ha emanato svariati decreti per l\u2019eliminazione definitiva di qualsivoglia negazione dei diritti per i disabili. Strano, quindi, che un\u2019amministrazione &#8211; in continuit\u00e0 con la precedente &#8211; che tanto si vanta di agire e non parlare possa essersi resa protagonista di una tale mancanza. L\u2019augurio resta quello di una risoluzione immediata della problematica, non solo alla piscina \u201cG. Campagna\u201d, ma in ogni struttura pubblica della nostra citt\u00e0\u00bb.<div id=\"div-gpt-ad-Messinaoggi.it-DSK-300x250-corpoart\" style=\"text-align:center;margin:0 auto;\"><\/div><\/p>\n\n\n\n<p>Lo dichiara in una nota il consigliere comunale <strong>Giandomenico La Fauci <\/strong>(Ora Sicilia).<div id=\"videoincontent\" style=\"clear:both\";><\/div><\/p>\n","protected":false},"excerpt":{"rendered":"<p>\u00abNei giorni scorsi ho presentato un\u2019interrogazione all\u2019amministrazione comunale per ottenere risposte celeri e concrete su un\u2019incresciosa difficolt\u00e0 vissuta dai disabili della nostra citt\u00e0. La vicenda che cito riguarda le condizioni di grave criticit\u00e0 in cui versa la piscina comunale \u201cG. Campagna\u201d. Nella struttura, infatti, \u00e8 negato &#8211; nei fatti &#8211; l\u2019accesso a disabili e bambini [&hellip;]<\/p>\n","protected":false},"author":15,"featured_media":23132,"comment_status":"open","ping_status":"open","sticky":false,"template":"","format":"standard","meta":{"ub_ctt_via":"","_mi_skip_tracking":false},"categories":[4],"tags":[],"featured_image_src":"https:\/\/www.messinaoggi.it\/website\/wp-content\/uploads\/2018\/08\/Giandomenico-La-Fauci-1.jpg","author_info":{"display_name":"red.me","author_link":"https:\/\/www.messinaoggi.it\/website\/author\/red-me\/"},"digistream_id":0,"digistream":false,"_links":{"self":[{"href":"https:\/\/www.messinaoggi.it\/website\/wp-json\/wp\/v2\/posts\/129249"}],"collection":[{"href":"https:\/\/www.messinaoggi.it\/website\/wp-json\/wp\/v2\/posts"}],"about":[{"href":"https:\/\/www.messinaoggi.it\/website\/wp-json\/wp\/v2\/types\/post"}],"author":[{"embeddable":true,"href":"https:\/\/www.messinaoggi.it\/website\/wp-json\/wp\/v2\/users\/15"}],"replies":[{"embeddable":true,"href":"https:\/\/www.messinaoggi.it\/website\/wp-json\/wp\/v2\/comments?post=129249"}],"version-history":[{"count":1,"href":"https:\/\/www.messinaoggi.it\/website\/wp-json\/wp\/v2\/posts\/129249\/revisions"}],"predecessor-version":[{"id":129250,"href":"https:\/\/www.messinaoggi.it\/website\/wp-json\/wp\/v2\/posts\/129249\/revisions\/129250"}],"wp:featuredmedia":[{"embeddable":true,"href":"https:\/\/www.messinaoggi.it\/website\/wp-json\/wp\/v2\/media\/23132"}],"wp:attachment":[{"href":"https:\/\/www.messinaoggi.it\/website\/wp-json\/wp\/v2\/media?parent=129249"}],"wp:term":[{"taxonomy":"category","embeddable":true,"href":"https:\/\/www.messinaoggi.it\/website\/wp-json\/wp\/v2\/categories?post=129249"},{"taxonomy":"post_tag","embeddable":true,"href":"https:\/\/www.messinaoggi.it\/website\/wp-json\/wp\/v2\/tags?post=129249"}],"curies":[{"name":"wp","href":"https:\/\/api.w.org\/{rel}","templated":true}]}}