{"id":129070,"date":"2022-11-09T13:07:54","date_gmt":"2022-11-09T12:07:54","guid":{"rendered":"https:\/\/www.messinaoggi.it\/website\/2022\/11\/09\/manovra-per-giorgetti-impianto-realista-e-responsabile\/"},"modified":"2022-11-09T18:15:28","modified_gmt":"2022-11-09T17:15:28","slug":"manovra-per-giorgetti-impianto-realista-e-responsabile","status":"publish","type":"post","link":"https:\/\/www.messinaoggi.it\/website\/2022\/11\/09\/manovra-per-giorgetti-impianto-realista-e-responsabile\/","title":{"rendered":"Manovra, per Giorgetti impianto realista e responsabile"},"content":{"rendered":"<div>ROMA (ITALPRESS) &#8211; &#8220;Le difficolt\u00e0 che abbiamo affrontato nel corso degli ultimi anni, hanno dimostrato che l&#8217;Italia ha una capacit\u00e0 di adattamento e di ripresa notevole. Il Governo intende sostenerne i sacrifici, con un approccio prudente e responsabile che permetta al contempo di migliorare le prospettive economiche del nostro Paese e garantire la sostenibilit\u00e0 della finanza pubblica&#8221;. Cos\u00ec il ministro dell&#8217;Economia e delle Finanze, Giancarlo Giorgetti, in audizione presso le Commissioni speciali congiunte di Camera e Senato sulla Nadef. &#8220;L&#8217;impianto della manovra di bilancio &#8211; ha sottolineato &#8211; sar\u00e0 in ogni caso caratterizzato da realismo e responsabilit\u00e0, sia nei confronti dei cittadini sia di quanti investono nel debito italiano. Il nuovo sentiero di riduzione del deficit programmatico adottato dal Governo assicura il rispetto delle regole di bilancio previste dal patto di stabilit\u00e0 e crescita, comunque oggetto nei prossimi mesi di una revisione a livello europeo&#8221;.<br \/>\nIl titolare del Mef, nell&#8217;annunciare che il documento di bilancio sar\u00e0 &#8220;nell&#8217;arco massimo di 3 settimane&#8221;, ha poi ricordato come le recenti stime per il Pil relative al terzo trimestre hanno sorpreso al rialzo confermando una sostanziale tenuta del tessuto economico nazionale. &#8220;Le stime interne &#8211; ha spiegato &#8211; prefigurano nell&#8217;ultima parte dell&#8217;anno una variazione negativa del Pil che sconterebbe un arretramento del valore aggiunto dell&#8217;industria un rallentamento della crescita del settore dei servizi. La stima tendenziale dell&#8217;aumento del Pil dello 0,3% \u00e8 una stima prudente e rivendico di aver fatto questo tipo di scelta, se poi l&#8217;economia andr\u00e0 meglio ci ritroveremo qui e faremo festa, ma in questo momento non mi sento di sbilanciarmi rispetto alle stime pi\u00f9 prudenti&#8221;. Sul versante caldo del caro-energia, Giorgetti ha ribadito come il governo sia intenzionato a destinare le risorse disponibili per il 2023 (circa 21 miliardi) al contrasto della crisi energetica, favorendo al contempo politiche di contenimento dei consumi e di risparmio energetico.<br \/>\nSu pensioni e fisco, il ministro del Tesoro ha poi evidenziato che &#8220;le nuove stime di inflazione determinano una diversa ipotesi di indicizzazione che comporta maggiori oneri per 7,1 miliardi nel 2024 e 5,6 miliardi nel 2025&#8221;. Per quanto riguarda la tanto discussa misura del Superbonus a 110%, il titolare di via XX Settembre ha spiegato che sono stati valutati rilevanti maggiori oneri per &#8220;alcuni bonus edilizi previsti a legislazione vigente rispetto a quanto era stato stimato in sede di adozione delle agevolazioni&#8221;. La misura del superbonus &#8220;sar\u00e0 rivista in modo selettivo perch\u00e8 questo governo non ritiene equo destinare una cos\u00ec ingente massa di risorse a una limitatissima fetta dei cittadini&#8221;. Giorgetti ha toccato anche il tema del Pnrr e ha spiegato che la discussione europea sul Repower Eu &#8220;potrebbe aprire la possibilit\u00e0 di una revisione e aggiustamento dell&#8217;attuale quadro, in relazione anche alle diverse situazioni, esigenze e costi che si sono venuti a presentare&#8221;.<br \/>\n(ITALPRESS).<br \/>\n-foto agenziafotogramma.it-<\/div>\n<div id=\"div-gpt-ad-Messinaoggi.it-DSK-300x250-corpoart\" style=\"text-align:center;margin:0 auto;\"><\/div><\/p><div id=\"videoincontent\" style=\"clear:both\";><\/div>","protected":false},"excerpt":{"rendered":"<p>ROMA (ITALPRESS) &#8211; &#8220;Le difficolt\u00e0 che abbiamo affrontato nel corso degli ultimi anni, hanno dimostrato che l&#8217;Italia ha una capacit\u00e0 di adattamento e di ripresa notevole. Il Governo intende sostenerne i sacrifici, con un approccio prudente e responsabile che permetta al contempo di migliorare le prospettive economiche del nostro Paese e garantire la sostenibilit\u00e0 della [&hellip;]<\/p>\n","protected":false},"author":18,"featured_media":129071,"comment_status":"closed","ping_status":"closed","sticky":false,"template":"","format":"standard","meta":{"ub_ctt_via":"","_mi_skip_tracking":false},"categories":[446,4],"tags":[783],"featured_image_src":"https:\/\/www.messinaoggi.it\/website\/wp-content\/uploads\/2022\/11\/20221109_0453.jpg","author_info":{"display_name":"Admin","author_link":"https:\/\/www.messinaoggi.it\/website\/author\/admin\/"},"digistream_id":0,"digistream":false,"_links":{"self":[{"href":"https:\/\/www.messinaoggi.it\/website\/wp-json\/wp\/v2\/posts\/129070"}],"collection":[{"href":"https:\/\/www.messinaoggi.it\/website\/wp-json\/wp\/v2\/posts"}],"about":[{"href":"https:\/\/www.messinaoggi.it\/website\/wp-json\/wp\/v2\/types\/post"}],"author":[{"embeddable":true,"href":"https:\/\/www.messinaoggi.it\/website\/wp-json\/wp\/v2\/users\/18"}],"replies":[{"embeddable":true,"href":"https:\/\/www.messinaoggi.it\/website\/wp-json\/wp\/v2\/comments?post=129070"}],"version-history":[{"count":1,"href":"https:\/\/www.messinaoggi.it\/website\/wp-json\/wp\/v2\/posts\/129070\/revisions"}],"predecessor-version":[{"id":129144,"href":"https:\/\/www.messinaoggi.it\/website\/wp-json\/wp\/v2\/posts\/129070\/revisions\/129144"}],"wp:featuredmedia":[{"embeddable":true,"href":"https:\/\/www.messinaoggi.it\/website\/wp-json\/wp\/v2\/media\/129071"}],"wp:attachment":[{"href":"https:\/\/www.messinaoggi.it\/website\/wp-json\/wp\/v2\/media?parent=129070"}],"wp:term":[{"taxonomy":"category","embeddable":true,"href":"https:\/\/www.messinaoggi.it\/website\/wp-json\/wp\/v2\/categories?post=129070"},{"taxonomy":"post_tag","embeddable":true,"href":"https:\/\/www.messinaoggi.it\/website\/wp-json\/wp\/v2\/tags?post=129070"}],"curies":[{"name":"wp","href":"https:\/\/api.w.org\/{rel}","templated":true}]}}